{"id":365670,"date":"2025-09-04T12:31:13","date_gmt":"2025-09-04T12:31:13","guid":{"rendered":"https:\/\/www.europesays.com\/fr\/365670\/"},"modified":"2025-09-04T12:31:13","modified_gmt":"2025-09-04T12:31:13","slug":"mois-de-la-transmission-la-cci-rouen-metropole-organise-des-ateliers-pratiques-a-rouen","status":"publish","type":"post","link":"https:\/\/www.europesays.com\/fr\/365670\/","title":{"rendered":"Mois de la Transmission : la CCI Rouen M\u00e9tropole organise des ateliers pratiques \u00e0 Rouen"},"content":{"rendered":"<p>Ces ateliers sont organis\u00e9s dans le cadre du Mois de la Transmission. Cet \u00e9v\u00e8nement national, propos\u00e9 par le r\u00e9seau des CCI du 13 octobre au 12 d\u00e9cembre 2025, vise \u00e0 sensibiliser \u00e0 l\u2019importance de la transmission et de la reprise d\u2019entreprise. Ces r\u00e9unions d\u2019\u00e9changes sont destin\u00e9es aux chefs d\u2019entreprises souhaitant transmettre leurs activit\u00e9s, mais aussi aux entrepreneurs pr\u00eats \u00e0 reprendre. Ils visent \u00e0 fournir aux participants des conseils concrets et des expertises essentielles pour r\u00e9ussir chaque \u00e9tape de leur projet. <\/p>\n<p>En y participant, les entrepreneurs profiteront de nombreux avantages, notamment la possibilit\u00e9 de b\u00e9n\u00e9ficier de l\u2019expertise d\u2019intervenants sp\u00e9cialis\u00e9s en transmission\/reprise d\u2019entreprise et de comprendre les aspects strat\u00e9giques, financiers et op\u00e9rationnels relatifs \u00e0 leur projet. Ils auront \u00e9galement la possibilit\u00e9 d\u2019\u00e9changer entre eux. <\/p>\n<p>Programm\u00e9s de 9h \u00e0 13h, ces ateliers sont gratuits et ouverts \u00e0 tous. Les personnes souhaitant y assister sont invit\u00e9es \u00e0 remplir le formulaire d\u2019inscription disponible en ligne via <a href=\"https:\/\/www.rouen-metropole.cci.fr\/webform\/salon_transmission_2025\" rel=\"nofollow noopener\" target=\"_blank\">le site internet d\u00e9di\u00e9<\/a>. \u00c0 noter que le programme de cet \u00e9v\u00e8nement est en cours de pr\u00e9paration. Il sera d\u00e9voil\u00e9 dans les semaines \u00e0 venir.<\/p>\n","protected":false},"excerpt":{"rendered":"Ces ateliers sont organis\u00e9s dans le cadre du Mois de la Transmission. Cet \u00e9v\u00e8nement national, propos\u00e9 par le&hellip;\n","protected":false},"author":2,"featured_media":365671,"comment_status":"","ping_status":"","sticky":false,"template":"","format":"standard","meta":{"footnotes":""},"categories":[9587],"tags":[1111,11,1777,674,1011,27,12,5161,25,9590],"class_list":{"0":"post-365670","1":"post","2":"type-post","3":"status-publish","4":"format-standard","5":"has-post-thumbnail","7":"category-rouen","8":"tag-actu","9":"tag-actualites","10":"tag-eu","11":"tag-europe","12":"tag-fr","13":"tag-france","14":"tag-news","15":"tag-normandie","16":"tag-republique-francaise","17":"tag-rouen"},"share_on_mastodon":{"url":"https:\/\/pubeurope.com\/@fr\/115146043071764489","error":""},"_links":{"self":[{"href":"https:\/\/www.europesays.com\/fr\/wp-json\/wp\/v2\/posts\/365670","targetHints":{"allow":["GET"]}}],"collection":[{"href":"https:\/\/www.europesays.com\/fr\/wp-json\/wp\/v2\/posts"}],"about":[{"href":"https:\/\/www.europesays.com\/fr\/wp-json\/wp\/v2\/types\/post"}],"author":[{"embeddable":true,"href":"https:\/\/www.europesays.com\/fr\/wp-json\/wp\/v2\/users\/2"}],"replies":[{"embeddable":true,"href":"https:\/\/www.europesays.com\/fr\/wp-json\/wp\/v2\/comments?post=365670"}],"version-history":[{"count":0,"href":"https:\/\/www.europesays.com\/fr\/wp-json\/wp\/v2\/posts\/365670\/revisions"}],"wp:featuredmedia":[{"embeddable":true,"href":"https:\/\/www.europesays.com\/fr\/wp-json\/wp\/v2\/media\/365671"}],"wp:attachment":[{"href":"https:\/\/www.europesays.com\/fr\/wp-json\/wp\/v2\/media?parent=365670"}],"wp:term":[{"taxonomy":"category","embeddable":true,"href":"https:\/\/www.europesays.com\/fr\/wp-json\/wp\/v2\/categories?post=365670"},{"taxonomy":"post_tag","embeddable":true,"href":"https:\/\/www.europesays.com\/fr\/wp-json\/wp\/v2\/tags?post=365670"}],"curies":[{"name":"wp","href":"https:\/\/api.w.org\/{rel}","templated":true}]}}