{"id":365672,"date":"2025-09-04T12:34:28","date_gmt":"2025-09-04T12:34:28","guid":{"rendered":"https:\/\/www.europesays.com\/fr\/365672\/"},"modified":"2025-09-04T12:34:28","modified_gmt":"2025-09-04T12:34:28","slug":"respire-et-pas-deux-dispositifs-inclusifs-inedits-lances-a-grenoble","status":"publish","type":"post","link":"https:\/\/www.europesays.com\/fr\/365672\/","title":{"rendered":"Respire et Pas, deux dispositifs inclusifs in\u00e9dits lanc\u00e9s \u00e0 Grenoble"},"content":{"rendered":"<p>C\u2019est dans le quar\u00adtier de la Villeneuve, \u00e0 l\u2019\u00e9cole \u00e9l\u00e9\u00admen\u00adtaire des Trembles situ\u00e9e pr\u00e8s de la place des G\u00e9ants, que Philippe Dulbecco, rec\u00adteur de <a href=\"https:\/\/www1.ac-grenoble.fr\/\" target=\"_blank\" rel=\"noopener nofollow\">l\u2019a\u00adca\u00add\u00e9\u00admie de Grenoble<\/a> a com\u00admenc\u00e9 sa visite, mer\u00adcredi 3 sep\u00adtembre 2025. Accompagn\u00e9 du direc\u00adteur aca\u00add\u00e9\u00admique Patrice Gros, il y a pr\u00e9\u00adsent\u00e9 le dis\u00adpo\u00adsi\u00adtif Respire , visant \u00e0 offrir un cadre indi\u00advi\u00addua\u00adlis\u00e9 aux \u00e9l\u00e8ves qui n\u2019ont pas encore acquis les codes d\u2019un bon com\u00adpor\u00adte\u00adment sco\u00adlaire, ce qui per\u00adturbe leurs appren\u00adtis\u00adsages et ceux de leurs cama\u00adrades. Ce prin\u00adci\u00adpa\u00adle\u00adment \u00e0 l\u2019\u00e9cole mater\u00adnelle et en primaire.<\/p>\n<p><a href=\"https:\/\/www.europesays.com\/fr\/wp-content\/uploads\/2025\/09\/visitesdispositifspassetrespirerectoratcreditjoelkermabon-2.jpg\"><img fetchpriority=\"high\" decoding=\"async\" aria-describedby=\"caption-attachment-658793\" class=\"wp-image-658793 size-full\" src=\"data:image\/svg+xml,%3Csvg%20xmlns=\" http:=\"\" alt=\"Coll\u00e8ge Fantin-Latour, Philippe Dulbecco, recteur de l'acad\u00e9mie de Grenoble et Patrice Gros, directeur acad\u00e9mique lors du lancement des Pas. \u00a9 Jo\u00ebl Kermabon - Place Gre'net\" width=\"1500\" height=\"1125\" data-lazy- data-lazy- data-lazy-src=\"https:\/\/www.europesays.com\/fr\/wp-content\/uploads\/2025\/09\/visitesdispositifspassetrespirerectoratcreditjoelkermabon-2.jpg\"\/><\/a><\/p>\n<p id=\"caption-attachment-658793\" class=\"wp-caption-text\">Coll\u00e8ge Fantin-Latour, Philippe Dulbecco, rec\u00adteur de l\u2019a\u00adca\u00add\u00e9\u00admie de Grenoble et Patrice Gros, direc\u00adteur aca\u00add\u00e9\u00admique lors du lan\u00adce\u00adment des Pas. \u00a9 Jo\u00ebl Kermabon \u2013 Place Gre\u2019net<\/p>\n<p>\u00ab\u00a0L\u2019id\u00e9e est de pou\u00advoir sor\u00adtir un temps ces \u00e9l\u00e8ves de la classe, tout en main\u00adte\u00adnant un lien fort avec les appren\u00adtis\u00adsages, pour qu\u2019ils reviennent avec des com\u00adp\u00e9\u00adtences d\u2019\u00e9l\u00e8ves qu\u2019ils avaient par\u00adfois per\u00addues\u00a0\u00bb, a ainsi expli\u00adqu\u00e9 Patrice Gros.<\/p>\n<p>De son c\u00f4t\u00e9, Philippe Dulbecco a insist\u00e9 sur l\u2019originalit\u00e9 du pro\u00adjet\u00a0: \u00ab\u00a0Respire est un dis\u00adpo\u00adsi\u00adtif tr\u00e8s inno\u00advant, construit avec la Ville de Grenoble. Il vise \u00e0 leur pro\u00adpo\u00adser, ainsi qu\u2019aux familles et aux ensei\u00adgnants une solu\u00adtion d\u2019alternance avec l\u2019\u00e9cole, sans jamais rompre le fil\u00a0\u00bb, a\u2011t-il indiqu\u00e9.<\/p>\n<p>Plus concr\u00e8\u00adte\u00adment, un ensei\u00adgnant et un \u00e9du\u00adca\u00adteur sp\u00e9\u00adcia\u00adlis\u00e9 \u2013 financ\u00e9 par la Ville \u2013 prennent en charge ces enfants pour leur offrir un cadre apais\u00e9, indi\u00advi\u00addua\u00adlis\u00e9, les aidant \u00e0 retrou\u00adver une pos\u00adture d\u2019\u00e9l\u00e8ve. L\u2019objectif affi\u00adch\u00e9\u00a0? \u00c9viter les exclu\u00adsions \u2013 jug\u00e9es peu effi\u00adcaces sur le long terme \u2013, pr\u00e9\u00adve\u00adnir le d\u00e9cro\u00adchage sco\u00adlaire et per\u00admettre un retour pro\u00adgres\u00adsif en classe dans de meilleures conditions.<\/p>\n","protected":false},"excerpt":{"rendered":"C\u2019est dans le quar\u00adtier de la Villeneuve, \u00e0 l\u2019\u00e9cole \u00e9l\u00e9\u00admen\u00adtaire des Trembles situ\u00e9e pr\u00e8s de la place des&hellip;\n","protected":false},"author":2,"featured_media":365673,"comment_status":"","ping_status":"","sticky":false,"template":"","format":"standard","meta":{"footnotes":""},"categories":[9566],"tags":[1111,11,2430,1777,674,1011,27,2731,12,25],"class_list":{"0":"post-365672","1":"post","2":"type-post","3":"status-publish","4":"format-standard","5":"has-post-thumbnail","7":"category-grenoble","8":"tag-actu","9":"tag-actualites","10":"tag-auvergne-rhone-alpes","11":"tag-eu","12":"tag-europe","13":"tag-fr","14":"tag-france","15":"tag-grenoble","16":"tag-news","17":"tag-republique-francaise"},"share_on_mastodon":{"url":"https:\/\/pubeurope.com\/@fr\/115146055075465514","error":""},"_links":{"self":[{"href":"https:\/\/www.europesays.com\/fr\/wp-json\/wp\/v2\/posts\/365672","targetHints":{"allow":["GET"]}}],"collection":[{"href":"https:\/\/www.europesays.com\/fr\/wp-json\/wp\/v2\/posts"}],"about":[{"href":"https:\/\/www.europesays.com\/fr\/wp-json\/wp\/v2\/types\/post"}],"author":[{"embeddable":true,"href":"https:\/\/www.europesays.com\/fr\/wp-json\/wp\/v2\/users\/2"}],"replies":[{"embeddable":true,"href":"https:\/\/www.europesays.com\/fr\/wp-json\/wp\/v2\/comments?post=365672"}],"version-history":[{"count":0,"href":"https:\/\/www.europesays.com\/fr\/wp-json\/wp\/v2\/posts\/365672\/revisions"}],"wp:featuredmedia":[{"embeddable":true,"href":"https:\/\/www.europesays.com\/fr\/wp-json\/wp\/v2\/media\/365673"}],"wp:attachment":[{"href":"https:\/\/www.europesays.com\/fr\/wp-json\/wp\/v2\/media?parent=365672"}],"wp:term":[{"taxonomy":"category","embeddable":true,"href":"https:\/\/www.europesays.com\/fr\/wp-json\/wp\/v2\/categories?post=365672"},{"taxonomy":"post_tag","embeddable":true,"href":"https:\/\/www.europesays.com\/fr\/wp-json\/wp\/v2\/tags?post=365672"}],"curies":[{"name":"wp","href":"https:\/\/api.w.org\/{rel}","templated":true}]}}