{"id":365674,"date":"2025-09-04T12:35:15","date_gmt":"2025-09-04T12:35:15","guid":{"rendered":"https:\/\/www.europesays.com\/fr\/365674\/"},"modified":"2025-09-04T12:35:15","modified_gmt":"2025-09-04T12:35:15","slug":"la-circulation-des-ter-tres-perturbee-entre-grenoble-et-lyon-apres-un-accident-de-voyageur","status":"publish","type":"post","link":"https:\/\/www.europesays.com\/fr\/365674\/","title":{"rendered":"la circulation des TER tr\u00e8s perturb\u00e9e entre Grenoble et Lyon apr\u00e8s un accident de voyageur"},"content":{"rendered":"<p class=\"article__intro\">Le trafic des TER a \u00e9t\u00e9 interrompu, ce jeudi 4 septembre, dans les deux sens de circulation entre Grenoble et Lyon. En cause : un accident de voyageur entre Bourgoin-Jallieu et L&rsquo;Isle-d&rsquo;Abeau. La reprise du trafic est estim\u00e9e pour midi.<\/p>\n<p>\n      L\u2019actu des r\u00e9gions\n    <\/p>\n<p>\n      Chaque jour, un tour d\u2019horizon des principales infos de toutes les r\u00e9gions.\n    <\/p>\n<p>    France T\u00e9l\u00e9visions utilise votre adresse e-mail afin de vous envoyer la newsletter \u00ab\u00a0L\u2019actu des r\u00e9gions\u00a0\u00bb. Vous pouvez vous d\u00e9sinscrire \u00e0 tout moment via le lien en bas de cette newsletter. <a target=\"_blank\" href=\"https:\/\/www.francetelevisions.fr\/groupe\/confidentialite\/politique-de-confidentialite\/politique-de-confidentialite-de-france-televisions-6503\" rel=\"nofollow noopener\">Notre politique de confidentialit\u00e9<\/a><\/p>\n<p>La circulation des TER a \u00e9t\u00e9 interrompue, ce jeudi 4 septembre, dans les deux sens de circulation entre Grenoble et Lyon, a indiqu\u00e9 la SNCF en Auvergne-Rh\u00f4ne-Alpes (AURA). Une personne a \u00e9t\u00e9 heurt\u00e9e par un train \u00e0 proximit\u00e9 de la gare de l&rsquo;Isle-d&rsquo;Abeau, aux environs de 9h45.<\/p>\n<p>La victime, qui se trouvait \u00e0 pied sur les voies \u00e0 proximit\u00e9 d&rsquo;un passage \u00e0 niveau de la commune de Saint-Alban-de-Roche, a \u00e9t\u00e9 d\u00e9clar\u00e9e d\u00e9c\u00e9d\u00e9e sur place par les secours. Il s&rsquo;agissait d&rsquo;une femme \u00e2g\u00e9e de 77 ans, indiquent les pompiers de l&rsquo;Is\u00e8re.<\/p>\n<\/p>\n<p>Dans un premier temps, la circulation des trains a \u00e9t\u00e9 compl\u00e8tement interrompue dans les deux sens de circulation, le temps de l&rsquo;intervention des secours. Peu avant 11 heures, le trafic a pu reprendre progressivement dans le sens Lyon-Grenoble.<\/p>\n<p>Dans l&rsquo;autre sens, la reprise du trafic se fera apr\u00e8s l&rsquo;accord des forces de l&rsquo;ordre. Les trains pourraient recirculer vers midi, estime la SNCF. Un retour \u00e0 la normale devrait donc avoir lieu en d\u00e9but d&rsquo;apr\u00e8s-midi.<\/p>\n<blockquote class=\"twitter-tweet\">\n<p dir=\"ltr\" lang=\"fr\">\ud83d\udd3409h39 : un train qui a heurt\u00e9 une personne entre Bourgoin-Jallieu et L&rsquo;Isle-d&rsquo;Abeau, interrompt le trafic dans les deux sens sur l&rsquo;axe LyonGrenoble.<br \/>\ud83d\udd38Une \u00e9quipe sp\u00e9cialis\u00e9e se rend sur place pour intervenir.<br \/>\ud83d\udd38La reprise du trafic est actuellement estim\u00e9e pour 12h.<\/p>\n<p>\u2014 SNCF TER AURA (@SNCFTERAURA) <a href=\"https:\/\/twitter.com\/SNCFTERAURA\/status\/1963507148169580608?ref_src=twsrc%5Etfw\" rel=\"nofollow noopener\" target=\"_blank\">September 4, 2025<\/a><\/p><\/blockquote>\n<p>Le conducteur du train a \u00e9t\u00e9 pris en charge en \u00e9tat de choc, mais devrait \u00eatre laiss\u00e9 sur place. Trente-huit usagers, indemnes, se trouvaient \u00e0 l&rsquo;int\u00e9rieur des voitures au moment des faits. Ils ont \u00e9t\u00e9 ramen\u00e9s \u00e0 quai et transport\u00e9s par car vers leur destination finale. D&rsquo;autres trains ont \u00e9t\u00e9 d\u00e9vi\u00e9s par Chamb\u00e9ry pour rallier les villes de Grenoble et Lyon.<\/p>\n<p>  <script async src=\"https:\/\/platform.twitter.com\/widgets.js\" charset=\"utf-8\"><\/script><\/p>\n","protected":false},"excerpt":{"rendered":"Le trafic des TER a \u00e9t\u00e9 interrompu, ce jeudi 4 septembre, dans les deux sens de circulation entre&hellip;\n","protected":false},"author":2,"featured_media":365675,"comment_status":"","ping_status":"","sticky":false,"template":"","format":"standard","meta":{"footnotes":""},"categories":[9566],"tags":[1111,11,2430,1777,674,1011,27,2731,12,25],"class_list":{"0":"post-365674","1":"post","2":"type-post","3":"status-publish","4":"format-standard","5":"has-post-thumbnail","7":"category-grenoble","8":"tag-actu","9":"tag-actualites","10":"tag-auvergne-rhone-alpes","11":"tag-eu","12":"tag-europe","13":"tag-fr","14":"tag-france","15":"tag-grenoble","16":"tag-news","17":"tag-republique-francaise"},"share_on_mastodon":{"url":"https:\/\/pubeurope.com\/@fr\/115146058794100623","error":""},"_links":{"self":[{"href":"https:\/\/www.europesays.com\/fr\/wp-json\/wp\/v2\/posts\/365674","targetHints":{"allow":["GET"]}}],"collection":[{"href":"https:\/\/www.europesays.com\/fr\/wp-json\/wp\/v2\/posts"}],"about":[{"href":"https:\/\/www.europesays.com\/fr\/wp-json\/wp\/v2\/types\/post"}],"author":[{"embeddable":true,"href":"https:\/\/www.europesays.com\/fr\/wp-json\/wp\/v2\/users\/2"}],"replies":[{"embeddable":true,"href":"https:\/\/www.europesays.com\/fr\/wp-json\/wp\/v2\/comments?post=365674"}],"version-history":[{"count":0,"href":"https:\/\/www.europesays.com\/fr\/wp-json\/wp\/v2\/posts\/365674\/revisions"}],"wp:featuredmedia":[{"embeddable":true,"href":"https:\/\/www.europesays.com\/fr\/wp-json\/wp\/v2\/media\/365675"}],"wp:attachment":[{"href":"https:\/\/www.europesays.com\/fr\/wp-json\/wp\/v2\/media?parent=365674"}],"wp:term":[{"taxonomy":"category","embeddable":true,"href":"https:\/\/www.europesays.com\/fr\/wp-json\/wp\/v2\/categories?post=365674"},{"taxonomy":"post_tag","embeddable":true,"href":"https:\/\/www.europesays.com\/fr\/wp-json\/wp\/v2\/tags?post=365674"}],"curies":[{"name":"wp","href":"https:\/\/api.w.org\/{rel}","templated":true}]}}