{"id":365676,"date":"2025-09-04T12:38:05","date_gmt":"2025-09-04T12:38:05","guid":{"rendered":"https:\/\/www.europesays.com\/fr\/365676\/"},"modified":"2025-09-04T12:38:05","modified_gmt":"2025-09-04T12:38:05","slug":"accident-grave-sur-la-rocade-un-motard-est-mort-une-voie-est-fermee-a-la-circulation-france-3-regions","status":"publish","type":"post","link":"https:\/\/www.europesays.com\/fr\/365676\/","title":{"rendered":"Accident grave sur la rocade : un motard est mort, une voie est ferm\u00e9e \u00e0 la circulation &#8211; France 3 R\u00e9gions"},"content":{"rendered":"<ol>\n<li><a href=\"https:\/\/news.google.com\/rss\/articles\/CBMi-wFBVV95cUxOOVl4ajRiZjJmalFLajc0V0FnX2ZPYmdONTZjWmpiRU9sV2VQckFhTUdNVEVDTGFBa1BXMUo0RnRrMjNJWWJDdFdrU2pYUmpCeUNCSnFXWUcyRGh0TzZaWGxBX2lwQ1RPbVF6ZlRncktxT1l0WjRFQm90X3NNczEtT2hTZmpGTVhvbHVnblNTLWZqX2J1OWJVaF9haEtzVzNtX1daUlVIWmY3MUlUUTVudDlxS2d6NHhZT1FzRlkycXViVkVzdGxKNHNIdWhLTk9YNzMzMUpjNDl4eW8yMW81R0xxLTllYWtzS2NFcmJEUTBXeklERFpLQVFHdw?oc=5\" target=\"_blank\" rel=\"nofollow noopener\">Accident grave sur la rocade : un motard est mort, une voie est ferm\u00e9e \u00e0 la circulation<\/a>&nbsp;&nbsp;France 3 R\u00e9gions<\/li>\n<li><a href=\"https:\/\/news.google.com\/rss\/articles\/CBMi8AFBVV95cUxQVXBxbTlKRkIzQzdBckUzVE1lVWRnODNxOGpfd19SZkVxS3pCaEFPTFJDSldzUlJOaDJoQWxVY2pfbG9ZRlNNSzg0VW1JOU9sSUp6dmpHMWQ1VVFsdVYzNU05Q2ZNbDBUVFE0Z1ZmeERTd3hGOEVfUVZOTVpGSjExLWVQT3lWNHVHVmx2U0x3c1lKSXZEQ3lIa2NycjVoR1BzQ3o5dVNxN1I4NGJQeW9QQmRYQ1lWZm1kaldqdmFpSXFaRU9kODRLMGlSN3pseHl1ejE0MDZTaGF0VE9ldHhrcWprNjZUN2dhVlNHLUxpdS0?oc=5\" target=\"_blank\" rel=\"nofollow noopener\">Accident mortel sur la rocade de Rennes : une voie ferm\u00e9e \u00e0 la circulation<\/a>&nbsp;&nbsp;Ouest-France<\/li>\n<li><a href=\"https:\/\/news.google.com\/rss\/articles\/CBMixgFBVV95cUxQcVl3R2d6ZG5rS01BenRUM1FhS0xSWVBPc2lkX3JOTTJyRXhsN3BNc3ZoYURfQlBaR0hpNkZKR3JLd3pHb2RHVW1fXzFsakZxVDlUM1EzY1JCYWhaUUdrSDR6QWlBN3BlMXBwMzdQZER5S0ZselB3bnpxRTRzYjRrOF9QQWF4czlIZWdRZnN2eGxEQi1qRy16dzBuSXFsbTFjemQxY2tfR3pHS2ZiaTF2cTV6eEVWaDhDOFpQQmMtcVYwbWVZZWc?oc=5\" target=\"_blank\" rel=\"nofollow noopener\">Un motard d\u00e9c\u00e8de apr\u00e8s un accident sur la rocade de Rennes<\/a>&nbsp;&nbsp;Le T\u00e9l\u00e9gramme<\/li>\n<li><a href=\"https:\/\/news.google.com\/rss\/articles\/CBMipgFBVV95cUxPWUVwQ2owbi1mSWFmSmVmb0o0RE9OWVRNaXhkY0hYZF9XVE5qazd3cU1xUEtZSHpudlRGcUI0ODdkMFF4X21WYlVlcDZwb21scUdiLWhMVEx3ZG9zVWlFTlp0ZmtVNUNoSlVMLUZBem1ac1c1SVNHdFBHVmpLSmtTbUhHTU94bXVqMlBRbWtia2REY0tnMWFoSXhBY0JucV9lOGRpQUV3?oc=5\" target=\"_blank\" rel=\"nofollow noopener\">Un accident mortel sur la rocade de Rennes<\/a>&nbsp;&nbsp;francebleu.fr<\/li>\n<li><a href=\"https:\/\/news.google.com\/rss\/articles\/CBMi5AFBVV95cUxQbG1sV0hYa3V1M0NVYmkxb2tuS3dPcjhrS2JDRWhCVEFUOFNpZjBTdnBYbGltT1JzQWd5ai1DZGhHZFAtWEw3dGFCNWtINjF1M1RJcVdIWXRwQkJZY2ZnX0ZTdVpIVmtTTTB0bmcxUkJJNEtHZkNxaWtOeUNnN2ViRWZsUGIxRzVLdHRrTEJXb1FNQU5mYzk0WlpoNUpQZVR2RUtFMzdINWxfQnRqWklUcm1TTV9oQl80YUpOMG5jMmh0RzFwRDVtanVYWjZOcnQzdkxTTnRrRWhleUt1WE9CMW5ZNGM?oc=5\" target=\"_blank\" rel=\"nofollow noopener\">Accident mortel sur la rocade de Rennes : le pilote d&rsquo;une moto d\u00e9c\u00e9d\u00e9, de tr\u00e8s gros bouchons en cours<\/a>&nbsp;&nbsp;Actu.fr<\/li>\n<\/ol>\n","protected":false},"excerpt":{"rendered":"Accident grave sur la rocade : un motard est mort, une voie est ferm\u00e9e \u00e0 la circulation&nbsp;&nbsp;France 3&hellip;\n","protected":false},"author":2,"featured_media":1445,"comment_status":"","ping_status":"","sticky":false,"template":"","format":"standard","meta":{"footnotes":""},"categories":[2821],"tags":[1111,11,829,1777,674,1011,27,12,584,25],"class_list":{"0":"post-365676","1":"post","2":"type-post","3":"status-publish","4":"format-standard","5":"has-post-thumbnail","7":"category-rennes","8":"tag-actu","9":"tag-actualites","10":"tag-bretagne","11":"tag-eu","12":"tag-europe","13":"tag-fr","14":"tag-france","15":"tag-news","16":"tag-rennes","17":"tag-republique-francaise"},"share_on_mastodon":{"url":"https:\/\/pubeurope.com\/@fr\/115146070725807507","error":""},"_links":{"self":[{"href":"https:\/\/www.europesays.com\/fr\/wp-json\/wp\/v2\/posts\/365676","targetHints":{"allow":["GET"]}}],"collection":[{"href":"https:\/\/www.europesays.com\/fr\/wp-json\/wp\/v2\/posts"}],"about":[{"href":"https:\/\/www.europesays.com\/fr\/wp-json\/wp\/v2\/types\/post"}],"author":[{"embeddable":true,"href":"https:\/\/www.europesays.com\/fr\/wp-json\/wp\/v2\/users\/2"}],"replies":[{"embeddable":true,"href":"https:\/\/www.europesays.com\/fr\/wp-json\/wp\/v2\/comments?post=365676"}],"version-history":[{"count":0,"href":"https:\/\/www.europesays.com\/fr\/wp-json\/wp\/v2\/posts\/365676\/revisions"}],"wp:featuredmedia":[{"embeddable":true,"href":"https:\/\/www.europesays.com\/fr\/wp-json\/wp\/v2\/media\/1445"}],"wp:attachment":[{"href":"https:\/\/www.europesays.com\/fr\/wp-json\/wp\/v2\/media?parent=365676"}],"wp:term":[{"taxonomy":"category","embeddable":true,"href":"https:\/\/www.europesays.com\/fr\/wp-json\/wp\/v2\/categories?post=365676"},{"taxonomy":"post_tag","embeddable":true,"href":"https:\/\/www.europesays.com\/fr\/wp-json\/wp\/v2\/tags?post=365676"}],"curies":[{"name":"wp","href":"https:\/\/api.w.org\/{rel}","templated":true}]}}