{"id":365677,"date":"2025-09-04T12:39:16","date_gmt":"2025-09-04T12:39:16","guid":{"rendered":"https:\/\/www.europesays.com\/fr\/365677\/"},"modified":"2025-09-04T12:39:16","modified_gmt":"2025-09-04T12:39:16","slug":"que-sest-il-passe-dans-la-cellule","status":"publish","type":"post","link":"https:\/\/www.europesays.com\/fr\/365677\/","title":{"rendered":"que s&rsquo;est-il pass\u00e9 dans la cellule\u00a0?"},"content":{"rendered":"<p>            Par<br \/>\n        <strong><br \/>\n            <a href=\"https:\/\/actu.fr\/auteur\/brian-legoff\" title=\"Consulter tous les articles de Brian Le Goff\" target=\"_blank\" rel=\"noopener\">Brian Le Goff<\/a><br \/>\n        <\/strong><\/p>\n<p>        Publi\u00e9 le<\/p>\n<p>            4 sept. 2025 \u00e0 13h52        <\/p>\n<p>\u00ab\u2009Les murs ext\u00e9rieurs \u00e9taient encore br\u00fblants\u2009\u00bb, ce jeudi 4\u00a0septembre 2025, au matin. La veille, aux alentours de 23h, <strong>un d\u00e9tenu<\/strong> de la prison pour hommes de Rennes-Vezin a \u00e9t\u00e9 pris en charge <strong>en urgence absolue<\/strong> apr\u00e8s que <strong>sa cellule<\/strong> a \u00e9t\u00e9 <strong>en proie aux flammes.\u00a0<\/strong><\/p>\n<p class=\" wall-content\">Vingt-un sapeurs-pompiers se sont d\u00e9p\u00each\u00e9s sur les lieux pour \u00e9teindre l\u2019incendie. Le jeune homme de <strong>21\u00a0ans<\/strong> a \u00e9t\u00e9 transf\u00e9r\u00e9 <strong>aux services des grands br\u00fbl\u00e9s<\/strong> \u00e0 l\u2019h\u00f4pital de Nantes (Loire-Atlantique).<\/p>\n<p>Les d\u00e9parts de feu sur le matelas et le frigo<\/p>\n<p class=\" wall-content\">Selon la direction interr\u00e9gionale des services p\u00e9nitentiaires Grand-Ouest, contact\u00e9e par la r\u00e9daction d\u2019<a href=\"https:\/\/actu.fr\/rennes\/\" target=\"_blank\" rel=\"noopener\">actu Rennes<\/a>, le d\u00e9tenu a <strong>volontairement<\/strong> allum\u00e9 le feu dans sa cellule, qui se situe au premier \u00e9tage d\u2019une des ailes de l\u2019\u00e9tablissement. \u00ab\u2009Le feu a \u00e9t\u00e9 mis <strong>au frigo,<\/strong> et <strong>au matelas\u2009\u00bb,<\/strong> pr\u00e9cise Florian Adam, secr\u00e9taire local FO-Justice.<\/p>\n<p class=\" wall-content\">Quand l\u2019incendie a \u00e9t\u00e9 d\u00e9tect\u00e9 par <strong>les personnels p\u00e9nitentiaires<\/strong>, ces derniers \u00ab\u2009se sont \u00e9quip\u00e9s (appareils respiratoires individuels et d\u00e9fibrillateur) pour intervenir [\u2026], porter secours \u00e0 l\u2019int\u00e9ress\u00e9 (qui \u00e9tait seul en cellule)\u2009\u00bb, d\u00e9veloppe la direction interr\u00e9gionale, \u00ab et\u2009s\u00e9curiser le secteur et les autres personnes qui y sont h\u00e9berg\u00e9es\u2009\u00bb.\u00a0<\/p>\n<p class=\" wall-content\">Le d\u00e9tenu, br\u00fbl\u00e9 \u00e0 pr\u00e8s de 80 %, se serait alors jet\u00e9 sur les surveillants, d\u00e9veloppe le syndicaliste FO.\u00a0<\/p>\n<p>Pas la premi\u00e8re fois<\/p>\n<p class=\" wall-content\">Par ailleurs, le 24 juillet dernier, au quartier des arrivants, il avait \u00e9galement <strong>agress\u00e9<\/strong> un membre du personnel. Transf\u00e9r\u00e9 au quartier disciplinaire, le d\u00e9tenu de 21 ans avait d\u00e9j\u00e0 mis le feu \u00e0 sa cellule, indique le syndicat FO. Mercredi 3 septembre, la cellule a \u00e9t\u00e9 retrouv\u00e9e\u00a0<strong>enti\u00e8rement carbonis\u00e9e.<\/strong>\u00a0\u00ab\u2009La porte blind\u00e9e est m\u00eame bomb\u00e9e\u2009\u00bb, pr\u00e9cise-t-on.\u00a0<\/p>\n<p>Votre r\u00e9gion, votre actu !<\/p>\n<p>Recevez chaque jour les infos qui comptent pour vous.<\/p>\n<p>\t<a href=\"https:\/\/actu.fr\/newsletter\" class=\"ac-btn ac-btn--corner ac-btn--medium ac-btn--blue800\" target=\"_blank\" rel=\"noopener\">S&rsquo;incrire<\/a><\/p>\n<blockquote class=\"ac-article-quote wall-content\">\n<p>Il fait partie des profils psy que nous devons garder au sein de nos services, alors qu&rsquo;ils sont difficilement g\u00e9rables et devraient \u00eatre pris en charge dans des services d\u00e9di\u00e9s. Cet incident met une nouvelle fois en lumi\u00e8re l\u2019extr\u00eame difficult\u00e9 \u2014 et l\u2019absurdit\u00e9 \u2014 de la gestion des d\u00e9tenus pr\u00e9sentant des troubles psychiatriques en d\u00e9tention classique. Malgr\u00e9 ses ant\u00e9c\u00e9dents r\u00e9cents, ce d\u00e9tenu n\u2019\u00e9tait toujours pas pris en charge de mani\u00e8re adapt\u00e9e.<\/p>\n<p>    <strong>Florian Adam<\/strong><br \/>\n        Syndicaliste Fo    <\/p><\/blockquote>\n<p class=\" wall-content\">Le secr\u00e9taire local du syndicat demande \u00e0 ce que les surveillants re\u00e7oivent une lettre de f\u00e9licitations et que les services d\u00e9di\u00e9s aux profils psy prennent leur responsabilit\u00e9. \u00ab\u00a0Le SMPR (service m\u00e9dico-psychologique r\u00e9gional) ne peut plus se d\u00e9rober \u00e0 ses responsabilit\u00e9s. Leur mission est d\u2019assurer la prise en charge des d\u00e9tenus souffrant de pathologies psychiatriques.\u00a0\u00bb<\/p>\n<p>Suicides, agressions, incendies\u2026<\/p>\n<p class=\" wall-content\">L\u2019actualit\u00e9 est mouvement\u00e9e au centre p\u00e9nitentiaire Rennes-Vezin. <strong>Trois suicides<\/strong> depuis le mois de janvier\u00a02025, <strong><a href=\"https:\/\/actu.fr\/bretagne\/rennes_35238\/brulures-actes-de-torture-et-de-barbarie-a-la-prison-de-rennes-un-nouveau-detenu-est-mort-en-cellule_62790178.html\" target=\"_blank\" rel=\"noopener\">un meurtre<\/a> <\/strong>et <strong>de multiples agressions<\/strong> (vis-\u00e0-vis du personnel p\u00e9nitentiaire) ont d\u00e9j\u00e0 \u00e9t\u00e9 relat\u00e9s par la r\u00e9daction.<\/p>\n<p class=\" wall-content\">Pour rappel, en juin dernier, <a href=\"https:\/\/actu.fr\/bretagne\/rennes_35238\/nouveau-deces-a-la-prison-de-rennes-vezin-un-jeune-homme-retrouve-pendu-en-cellule_63018933.html\" target=\"_blank\" rel=\"noopener\">un d\u00e9tenu, \u00e2g\u00e9 de 27\u00a0ans, a \u00e9t\u00e9 retrouv\u00e9 pendu dans sa cellule<\/a> alors qu\u2019il se trouvait au quartier disciplinaire.<\/p>\n<p class=\" wall-content\">Personnalisez votre actualit\u00e9 en ajoutant vos villes et m\u00e9dias en favori avec <a href=\"https:\/\/moncompte.actu.fr\" title=\"D\u00e9couvez Mon Actu\" rel=\"nofollow noopener\" data-trk=\"{&quot;cta&quot;:{&quot;action&quot;:&quot;https:\\\/\\\/moncompte.actu.fr&quot;,&quot;category&quot;:&quot;mon compte&quot;,&quot;from&quot;:&quot;article footer&quot;,&quot;name&quot;:&quot;Mon actu&quot;,&quot;type&quot;:&quot;cta&quot;}}\" target=\"_blank\">Mon Actu<\/a>.<\/p>\n","protected":false},"excerpt":{"rendered":"Par Brian Le Goff Publi\u00e9 le 4 sept. 2025 \u00e0 13h52 \u00ab\u2009Les murs ext\u00e9rieurs \u00e9taient encore br\u00fblants\u2009\u00bb, ce&hellip;\n","protected":false},"author":2,"featured_media":291179,"comment_status":"","ping_status":"","sticky":false,"template":"","format":"standard","meta":{"footnotes":""},"categories":[2821],"tags":[1111,11,829,1777,674,1011,27,12,899,584,25,104],"class_list":{"0":"post-365677","1":"post","2":"type-post","3":"status-publish","4":"format-standard","5":"has-post-thumbnail","7":"category-rennes","8":"tag-actu","9":"tag-actualites","10":"tag-bretagne","11":"tag-eu","12":"tag-europe","13":"tag-fr","14":"tag-france","15":"tag-news","16":"tag-prisons","17":"tag-rennes","18":"tag-republique-francaise","19":"tag-societe"},"share_on_mastodon":{"url":"https:\/\/pubeurope.com\/@fr\/115146074629076964","error":""},"_links":{"self":[{"href":"https:\/\/www.europesays.com\/fr\/wp-json\/wp\/v2\/posts\/365677","targetHints":{"allow":["GET"]}}],"collection":[{"href":"https:\/\/www.europesays.com\/fr\/wp-json\/wp\/v2\/posts"}],"about":[{"href":"https:\/\/www.europesays.com\/fr\/wp-json\/wp\/v2\/types\/post"}],"author":[{"embeddable":true,"href":"https:\/\/www.europesays.com\/fr\/wp-json\/wp\/v2\/users\/2"}],"replies":[{"embeddable":true,"href":"https:\/\/www.europesays.com\/fr\/wp-json\/wp\/v2\/comments?post=365677"}],"version-history":[{"count":0,"href":"https:\/\/www.europesays.com\/fr\/wp-json\/wp\/v2\/posts\/365677\/revisions"}],"wp:featuredmedia":[{"embeddable":true,"href":"https:\/\/www.europesays.com\/fr\/wp-json\/wp\/v2\/media\/291179"}],"wp:attachment":[{"href":"https:\/\/www.europesays.com\/fr\/wp-json\/wp\/v2\/media?parent=365677"}],"wp:term":[{"taxonomy":"category","embeddable":true,"href":"https:\/\/www.europesays.com\/fr\/wp-json\/wp\/v2\/categories?post=365677"},{"taxonomy":"post_tag","embeddable":true,"href":"https:\/\/www.europesays.com\/fr\/wp-json\/wp\/v2\/tags?post=365677"}],"curies":[{"name":"wp","href":"https:\/\/api.w.org\/{rel}","templated":true}]}}