{"id":365678,"date":"2025-09-04T12:40:13","date_gmt":"2025-09-04T12:40:13","guid":{"rendered":"https:\/\/www.europesays.com\/fr\/365678\/"},"modified":"2025-09-04T12:40:13","modified_gmt":"2025-09-04T12:40:13","slug":"une-conciergerie-solidaire-arrive-rue-tite-live-et-cest-une-chance-pour-le-quartier","status":"publish","type":"post","link":"https:\/\/www.europesays.com\/fr\/365678\/","title":{"rendered":"une conciergerie solidaire arrive rue Tite-Live, et c&rsquo;est une chance pour le quartier"},"content":{"rendered":"<p>La c\u00e9r\u00e9monie \u00e9tait discr\u00e8te, sans tambour, ni trompette, mais les messages, eux, \u00e9taient forts. Samedi 30\u00a0ao\u00fbt apr\u00e8s-midi, \u00e0 l\u2019ombre des grandes barres d\u2019immeubles <a href=\"https:\/\/www.dna.fr\/edition-de-strasbourg\/2013\/09\/11\/la-cite-fete-ses-50-ans\" target=\"_blank\" rel=\"nofollow noopener\">du quartier du Hohberg<\/a> , \u00e0 Strasbourg, quelques habitants, acteurs du secteur associatif et officiels se sont r\u00e9unis pour saluer l\u2019ouverture prochaine d\u2019une conciergerie solidaire. <\/p>\n<p>Ce projet, qui m\u00fbrissait dans les bureaux de l\u2019Eurom\u00e9tropole&#8230;<\/p>\n","protected":false},"excerpt":{"rendered":"La c\u00e9r\u00e9monie \u00e9tait discr\u00e8te, sans tambour, ni trompette, mais les messages, eux, \u00e9taient forts. Samedi 30\u00a0ao\u00fbt apr\u00e8s-midi, \u00e0&hellip;\n","protected":false},"author":2,"featured_media":365679,"comment_status":"","ping_status":"","sticky":false,"template":"","format":"standard","meta":{"footnotes":""},"categories":[2820],"tags":[1111,11,2880,1777,674,107,1011,27,775,12,25,104,640,2879],"class_list":{"0":"post-365678","1":"post","2":"type-post","3":"status-publish","4":"format-standard","5":"has-post-thumbnail","7":"category-strasbourg","8":"tag-actu","9":"tag-actualites","10":"tag-edition-strasbourg","11":"tag-eu","12":"tag-europe","13":"tag-fil-info","14":"tag-fr","15":"tag-france","16":"tag-grand-est","17":"tag-news","18":"tag-republique-francaise","19":"tag-societe","20":"tag-strasbourg","21":"tag-strasbourg-ville"},"share_on_mastodon":{"url":"https:\/\/pubeurope.com\/@fr\/115146078534250449","error":""},"_links":{"self":[{"href":"https:\/\/www.europesays.com\/fr\/wp-json\/wp\/v2\/posts\/365678","targetHints":{"allow":["GET"]}}],"collection":[{"href":"https:\/\/www.europesays.com\/fr\/wp-json\/wp\/v2\/posts"}],"about":[{"href":"https:\/\/www.europesays.com\/fr\/wp-json\/wp\/v2\/types\/post"}],"author":[{"embeddable":true,"href":"https:\/\/www.europesays.com\/fr\/wp-json\/wp\/v2\/users\/2"}],"replies":[{"embeddable":true,"href":"https:\/\/www.europesays.com\/fr\/wp-json\/wp\/v2\/comments?post=365678"}],"version-history":[{"count":0,"href":"https:\/\/www.europesays.com\/fr\/wp-json\/wp\/v2\/posts\/365678\/revisions"}],"wp:featuredmedia":[{"embeddable":true,"href":"https:\/\/www.europesays.com\/fr\/wp-json\/wp\/v2\/media\/365679"}],"wp:attachment":[{"href":"https:\/\/www.europesays.com\/fr\/wp-json\/wp\/v2\/media?parent=365678"}],"wp:term":[{"taxonomy":"category","embeddable":true,"href":"https:\/\/www.europesays.com\/fr\/wp-json\/wp\/v2\/categories?post=365678"},{"taxonomy":"post_tag","embeddable":true,"href":"https:\/\/www.europesays.com\/fr\/wp-json\/wp\/v2\/tags?post=365678"}],"curies":[{"name":"wp","href":"https:\/\/api.w.org\/{rel}","templated":true}]}}