{"id":365680,"date":"2025-09-04T12:41:10","date_gmt":"2025-09-04T12:41:10","guid":{"rendered":"https:\/\/www.europesays.com\/fr\/365680\/"},"modified":"2025-09-04T12:41:10","modified_gmt":"2025-09-04T12:41:10","slug":"actualite-aziz-shokhakimov-renouvele-a-lorchestre-philharmonique-de-strasbourg","status":"publish","type":"post","link":"https:\/\/www.europesays.com\/fr\/365680\/","title":{"rendered":"ACTUALIT\u00c9 Aziz Shokhakimov renouvel\u00e9 \u00e0 l&rsquo;Orchestre Philharmonique de Strasbourg"},"content":{"rendered":"<p>NOMINATION \u2013 L\u2019Orchestre Philharmonique de Strasbourg annonce le prolongement de deux ann\u00e9es (jusqu\u2019\u00e0 la fin de la saison 2027\/2028) du mandat\u00a0de son directeur musical Aziz Shokhakimov :<\/p>\n<p>Jeune Gloire nationale<\/p>\n<p>Aziz Shokhakimov est originaire de Tachkent, capitale de l\u2019Ouzb\u00e9kistan, il y a \u00e9t\u00e9 form\u00e9 au violon, \u00e0 l\u2019alto et \u00e0 la direction d\u2019orchestre et il a m\u00eame pris la direction de l\u2019Orchestre symphonique national d\u2019Ouzb\u00e9kistan. Il poursuit son parcours de chef invit\u00e9 \u00e0 travers l\u2019Europe, d\u00e9cor\u00e9 de prix, puis plus vers l\u2019Ouest (au-del\u00e0 de l\u2019Atlantique) et vers l\u2019Est (en Asie). Il est nomm\u00e9 Directeur musical et artistique de l\u2019Orchestre Philharmonique de Strasbourg pour la rentr\u00e9e 2021\/2022.<\/p>\n<p>Il fera cette saison 25\/26 ses d\u00e9buts dans un pays frontalier (Staatsorchester Hamburg) et dans un des pays frontaliers de celui-ci (Orchestres philharmoniques des Pays-Bas et de Rotterdam).<\/p>\n<p>A lire \u00e9galement :\u00a0<a href=\"https:\/\/www.olyrix.com\/artistes\/10391\/aziz-shokhakimov\/actualites\" target=\"_blank\" rel=\"noreferrer noopener nofollow\">les comptes-rendus de prestations et actualit\u00e9s d&rsquo;Aziz Shokhakimov sur \u00d4lyrix<\/a><\/p>\n","protected":false},"excerpt":{"rendered":"NOMINATION \u2013 L\u2019Orchestre Philharmonique de Strasbourg annonce le prolongement de deux ann\u00e9es (jusqu\u2019\u00e0 la fin de la saison&hellip;\n","protected":false},"author":2,"featured_media":365681,"comment_status":"","ping_status":"","sticky":false,"template":"","format":"standard","meta":{"footnotes":""},"categories":[2820],"tags":[1111,11,1777,674,1011,27,775,12,25,640],"class_list":{"0":"post-365680","1":"post","2":"type-post","3":"status-publish","4":"format-standard","5":"has-post-thumbnail","7":"category-strasbourg","8":"tag-actu","9":"tag-actualites","10":"tag-eu","11":"tag-europe","12":"tag-fr","13":"tag-france","14":"tag-grand-est","15":"tag-news","16":"tag-republique-francaise","17":"tag-strasbourg"},"share_on_mastodon":{"url":"https:\/\/pubeurope.com\/@fr\/115146082548274515","error":""},"_links":{"self":[{"href":"https:\/\/www.europesays.com\/fr\/wp-json\/wp\/v2\/posts\/365680","targetHints":{"allow":["GET"]}}],"collection":[{"href":"https:\/\/www.europesays.com\/fr\/wp-json\/wp\/v2\/posts"}],"about":[{"href":"https:\/\/www.europesays.com\/fr\/wp-json\/wp\/v2\/types\/post"}],"author":[{"embeddable":true,"href":"https:\/\/www.europesays.com\/fr\/wp-json\/wp\/v2\/users\/2"}],"replies":[{"embeddable":true,"href":"https:\/\/www.europesays.com\/fr\/wp-json\/wp\/v2\/comments?post=365680"}],"version-history":[{"count":0,"href":"https:\/\/www.europesays.com\/fr\/wp-json\/wp\/v2\/posts\/365680\/revisions"}],"wp:featuredmedia":[{"embeddable":true,"href":"https:\/\/www.europesays.com\/fr\/wp-json\/wp\/v2\/media\/365681"}],"wp:attachment":[{"href":"https:\/\/www.europesays.com\/fr\/wp-json\/wp\/v2\/media?parent=365680"}],"wp:term":[{"taxonomy":"category","embeddable":true,"href":"https:\/\/www.europesays.com\/fr\/wp-json\/wp\/v2\/categories?post=365680"},{"taxonomy":"post_tag","embeddable":true,"href":"https:\/\/www.europesays.com\/fr\/wp-json\/wp\/v2\/tags?post=365680"}],"curies":[{"name":"wp","href":"https:\/\/api.w.org\/{rel}","templated":true}]}}