{"id":365686,"date":"2025-09-04T12:46:18","date_gmt":"2025-09-04T12:46:18","guid":{"rendered":"https:\/\/www.europesays.com\/fr\/365686\/"},"modified":"2025-09-04T12:46:18","modified_gmt":"2025-09-04T12:46:18","slug":"tout-savoir-des-journees-du-patrimoine-et-du-matrimoine-2025-a-nantes","status":"publish","type":"post","link":"https:\/\/www.europesays.com\/fr\/365686\/","title":{"rendered":"Tout savoir des Journ\u00e9es du patrimoine et du matrimoine 2025 \u00e0 Nantes"},"content":{"rendered":"<p>\u00c0 l\u2019occasion du 80e anniversaire de la fin de la Seconde Guerre mondiale, la Ville de Nantes rend hommage \u00e0\u00a0Raymonde Gu\u00e9rif, <a href=\"https:\/\/patrimonia.nantes.fr\/home\/decouvrir\/themes-et-quartiers\/raymonde-guerif-1904-1945.html\" rel=\"nofollow noopener\" target=\"_blank\">r\u00e9sistante morte en d\u00e9portation en 1945<\/a> et dont le visage orne la couverture du programme. Des animations sont organis\u00e9es tout le week-end pour revenir sur l&rsquo;histoire de cette p\u00e9riode\u00a0: une repr\u00e9sentation du spectacle Yvette, 1943, travailleuse civile sous l\u2019Occupation par la compagnie Moradi au Th\u00e9\u00e2tre Francine Vasse, une balade comment\u00e9e sur les traces de la reconstruction de la ville apr\u00e8s le conflit par Nantes Histoire, un rallye sur l&rsquo;histoire de la R\u00e9sistance place Marc-Elder&#8230;\u00a0<\/p>\n<p>D&rsquo;autres dates importantes de l&rsquo;histoire de Nantes sont c\u00e9l\u00e9br\u00e9es durant ces Journ\u00e9es, \u00e0 l&rsquo;image du 240e anniversaire du d\u00e9part des Acadiens de Nantes pour la Louisiane, qui fera l&rsquo;objet d\u2019un week-end d\u2019animations pour d\u00e9couvrir la culture acadienne. Les visiteurs sont \u00e9galement invit\u00e9s \u00e0 f\u00eater le centenaire du stade v\u00e9lodrome Petit-Breton, lieu embl\u00e9matique du sport nantais, et les 150 ans du Mus\u00e9um d&rsquo;histoire naturelle au travers de spectacles, concerts, ateliers, rencontres insolites et animations pour le jeune public, avant sa fermeture en janvier <a href=\"https:\/\/metropole.nantes.fr\/actualites\/vous-fait-entrer-dans-le-futur-museum-de-nantes\" rel=\"nofollow noopener\" target=\"_blank\">pour 3 ans de travaux<\/a>.<\/p>\n<p>Au total, 201 partenaires sont impliqu\u00e9s dans cette 42e \u00e9dition foisonnante.\u00a0<\/p>\n","protected":false},"excerpt":{"rendered":"\u00c0 l\u2019occasion du 80e anniversaire de la fin de la Seconde Guerre mondiale, la Ville de Nantes rend&hellip;\n","protected":false},"author":2,"featured_media":365687,"comment_status":"","ping_status":"","sticky":false,"template":"","format":"standard","meta":{"footnotes":""},"categories":[2818],"tags":[1111,11,1777,674,1011,27,766,12,2636,25],"class_list":{"0":"post-365686","1":"post","2":"type-post","3":"status-publish","4":"format-standard","5":"has-post-thumbnail","7":"category-nantes","8":"tag-actu","9":"tag-actualites","10":"tag-eu","11":"tag-europe","12":"tag-fr","13":"tag-france","14":"tag-nantes","15":"tag-news","16":"tag-pays-de-la-loire","17":"tag-republique-francaise"},"share_on_mastodon":{"url":"https:\/\/pubeurope.com\/@fr\/115146102142164353","error":""},"_links":{"self":[{"href":"https:\/\/www.europesays.com\/fr\/wp-json\/wp\/v2\/posts\/365686","targetHints":{"allow":["GET"]}}],"collection":[{"href":"https:\/\/www.europesays.com\/fr\/wp-json\/wp\/v2\/posts"}],"about":[{"href":"https:\/\/www.europesays.com\/fr\/wp-json\/wp\/v2\/types\/post"}],"author":[{"embeddable":true,"href":"https:\/\/www.europesays.com\/fr\/wp-json\/wp\/v2\/users\/2"}],"replies":[{"embeddable":true,"href":"https:\/\/www.europesays.com\/fr\/wp-json\/wp\/v2\/comments?post=365686"}],"version-history":[{"count":0,"href":"https:\/\/www.europesays.com\/fr\/wp-json\/wp\/v2\/posts\/365686\/revisions"}],"wp:featuredmedia":[{"embeddable":true,"href":"https:\/\/www.europesays.com\/fr\/wp-json\/wp\/v2\/media\/365687"}],"wp:attachment":[{"href":"https:\/\/www.europesays.com\/fr\/wp-json\/wp\/v2\/media?parent=365686"}],"wp:term":[{"taxonomy":"category","embeddable":true,"href":"https:\/\/www.europesays.com\/fr\/wp-json\/wp\/v2\/categories?post=365686"},{"taxonomy":"post_tag","embeddable":true,"href":"https:\/\/www.europesays.com\/fr\/wp-json\/wp\/v2\/tags?post=365686"}],"curies":[{"name":"wp","href":"https:\/\/api.w.org\/{rel}","templated":true}]}}