{"id":365688,"date":"2025-09-04T12:47:12","date_gmt":"2025-09-04T12:47:12","guid":{"rendered":"https:\/\/www.europesays.com\/fr\/365688\/"},"modified":"2025-09-04T12:47:12","modified_gmt":"2025-09-04T12:47:12","slug":"ce-celebre-specialiste-de-la-culture-ouvre-son-premier-magasin-sur-la-rive-droite-a-bordeaux","status":"publish","type":"post","link":"https:\/\/www.europesays.com\/fr\/365688\/","title":{"rendered":"Ce c\u00e9l\u00e8bre sp\u00e9cialiste de la culture ouvre son premier magasin sur la rive droite \u00e0 Bordeaux"},"content":{"rendered":"<p>Un cinqui\u00e8me magasin Cultura dans la m\u00e9tropole&#13;<\/p>\n<p data-start=\"516\" data-end=\"825\">D\u00e9j\u00e0 pr\u00e9sente \u00e0 B\u00e8gles, M\u00e9rignac et Bordeaux-Lac, la Teste-de-Buch,<strong>\u00a0Cultura s\u2019appr\u00eate \u00e0 inaugurer son cinqui\u00e8me magasin <\/strong>en Gironde. Cette nouvelle adresse prend place au 26 avenue de l\u2019Aquitaine, dans le centre commercial Grand Tour, en lieu et place de l\u2019ancienne enseigne Diffus\u2019Laine.<\/p>\n<p>&#13;<br \/>\nConcept revisit\u00e9 et services pratiques et cr\u00e9atifs&#13;<\/p>\n<p data-start=\"858\" data-end=\"1248\">Contrairement aux formats habituels, ce nouveau magasin de plain-pied s\u2019\u00e9tend sur 1 550 m\u00b2. Tous les univers phares de l\u2019enseigne seront repr\u00e9sent\u00e9s \u2013 <strong>librairie, beaux-arts, loisirs cr\u00e9atifs, jeux de soci\u00e9t\u00e9, papeterie, mercerie<\/strong> \u2013 \u00e0 l\u2019exception de la vid\u00e9o. Un corner musique proposera vinyles, CD et instruments, et une offre d\u2019occasion permettra de chiner livres, jeux et disques \u00e0 petits prix.<\/p>\n<p>&#13;<\/p>\n<p data-start=\"858\" data-end=\"1248\"><img loading=\"lazy\" decoding=\"async\" src=\"https:\/\/www.europesays.com\/fr\/wp-content\/uploads\/2025\/09\/cultura-bordeaux-sainte-eulalie.jpg\" width=\"1000\" height=\"832\" alt=\"cultura-bordeaux-sainte-eulalie\"\/><\/p>\n<p>&#13;<\/p>\n<p data-start=\"1296\" data-end=\"1711\"><strong>Cultura Sainte-Eulalie<\/strong> proposera le click &amp; collect, la commande en magasin, ainsi qu\u2019un service de reprise de livres. Une nouveaut\u00e9 marquante\u00a0: la <strong>location d\u2019instruments de musique<\/strong> et de machines sp\u00e9cialis\u00e9es. Les ateliers cr\u00e9atifs (via un abonnement ou en r\u00e9servation ponctuelle) occuperont une place centrale, avec des cours de couture ou d\u2019aquarelle et des anniversaires cr\u00e9atifs pour enfants, organis\u00e9s le samedi (129 \u20ac la session de 1h30 avec animateur).<\/p>\n<p>&#13;<br \/>\nUne librairie au c\u0153ur du projet&#13;<\/p>\n<p data-start=\"1756\" data-end=\"1955\">V\u00e9ritable poumon du magasin, la librairie offrira une large s\u00e9lection de r\u00e9f\u00e9rences et un accent particulier sur l\u2019univers ludo-\u00e9ducatif\u00a0: <strong>jeux de soci\u00e9t\u00e9, albums jeunesse et ouvrages p\u00e9dagogiques<\/strong>.<\/p>\n<p>&#13;<\/p>\n<p data-start=\"1997\" data-end=\"2219\">L\u2019\u00e9quipe comptera 18 collaborateurs, pr\u00e9sent\u00e9s comme de v\u00e9ritables \u00ab\u00a0passeurs de culture\u00a0\u00bb. Objectif affich\u00e9\u00a0: faire de cette nouvelle adresse un lieu vivant, o\u00f9 l\u2019on vient pour cr\u00e9er et partager.<\/p>\n<p>&#13;<\/p>\n","protected":false},"excerpt":{"rendered":"Un cinqui\u00e8me magasin Cultura dans la m\u00e9tropole&#13; D\u00e9j\u00e0 pr\u00e9sente \u00e0 B\u00e8gles, M\u00e9rignac et Bordeaux-Lac, la Teste-de-Buch,\u00a0Cultura s\u2019appr\u00eate \u00e0&hellip;\n","protected":false},"author":2,"featured_media":365689,"comment_status":"","ping_status":"","sticky":false,"template":"","format":"standard","meta":{"footnotes":""},"categories":[2817],"tags":[1111,11,1997,1777,674,1011,27,12,2219,25],"class_list":{"0":"post-365688","1":"post","2":"type-post","3":"status-publish","4":"format-standard","5":"has-post-thumbnail","7":"category-bordeaux","8":"tag-actu","9":"tag-actualites","10":"tag-bordeaux","11":"tag-eu","12":"tag-europe","13":"tag-fr","14":"tag-france","15":"tag-news","16":"tag-nouvelle-aquitaine","17":"tag-republique-francaise"},"share_on_mastodon":{"url":"https:\/\/pubeurope.com\/@fr\/115146106402925137","error":""},"_links":{"self":[{"href":"https:\/\/www.europesays.com\/fr\/wp-json\/wp\/v2\/posts\/365688","targetHints":{"allow":["GET"]}}],"collection":[{"href":"https:\/\/www.europesays.com\/fr\/wp-json\/wp\/v2\/posts"}],"about":[{"href":"https:\/\/www.europesays.com\/fr\/wp-json\/wp\/v2\/types\/post"}],"author":[{"embeddable":true,"href":"https:\/\/www.europesays.com\/fr\/wp-json\/wp\/v2\/users\/2"}],"replies":[{"embeddable":true,"href":"https:\/\/www.europesays.com\/fr\/wp-json\/wp\/v2\/comments?post=365688"}],"version-history":[{"count":0,"href":"https:\/\/www.europesays.com\/fr\/wp-json\/wp\/v2\/posts\/365688\/revisions"}],"wp:featuredmedia":[{"embeddable":true,"href":"https:\/\/www.europesays.com\/fr\/wp-json\/wp\/v2\/media\/365689"}],"wp:attachment":[{"href":"https:\/\/www.europesays.com\/fr\/wp-json\/wp\/v2\/media?parent=365688"}],"wp:term":[{"taxonomy":"category","embeddable":true,"href":"https:\/\/www.europesays.com\/fr\/wp-json\/wp\/v2\/categories?post=365688"},{"taxonomy":"post_tag","embeddable":true,"href":"https:\/\/www.europesays.com\/fr\/wp-json\/wp\/v2\/tags?post=365688"}],"curies":[{"name":"wp","href":"https:\/\/api.w.org\/{rel}","templated":true}]}}