{"id":365690,"date":"2025-09-04T12:48:11","date_gmt":"2025-09-04T12:48:11","guid":{"rendered":"https:\/\/www.europesays.com\/fr\/365690\/"},"modified":"2025-09-04T12:48:11","modified_gmt":"2025-09-04T12:48:11","slug":"il-regle-ses-comptes-au-fusil-de-chasse-pour-un-vol-de-jantes-de-voiture","status":"publish","type":"post","link":"https:\/\/www.europesays.com\/fr\/365690\/","title":{"rendered":"il r\u00e8gle ses comptes au fusil de chasse pour un vol de jantes de voiture"},"content":{"rendered":"<p>Un homme de 25 ans a bless\u00e9 au genou une connaissance, mardi apr\u00e8s-midi sur la route entre Lesparre-M\u00e9doc et B\u00e9gadan (Gironde). Il s\u2019est finalement rendu \u00e0 la gendarmerie dans la soir\u00e9e.<\/p>\n<p class=\"fig-paragraph\">Deux individus, \u00e2g\u00e9s de 25 ans,\u00a0<a href=\"http:\/\/www.lefigaro.fr\/lyon\/lyon-tue-par-un-ado-de-13-ans-pour-une-simple-dispute-chems-el-dine-zeghad-etait-un-garcon-tranquille-et-sans-histoire-20250902\" data-fig-type=\"NewsFlash\" data-gtm-custom-categorie=\"navigation\" data-gtm-custom-action=\"crossclick\" data-gtm-custom-label=\"Contextuel\" data-gtm-event=\"customEventSPE\" data-fig-domain=\"LEFIGARO\" target=\"_blank\" rel=\"noopener\">se sont affront\u00e9s\u00a0<\/a>sur la route entre Lesparre-M\u00e9doc et B\u00e9gadan (Gironde), mardi apr\u00e8s-midi. Le premier avait mis son v\u00e9hicule en travers de la chauss\u00e9e pour obliger le second &#8211;\u00a0accompagn\u00e9 de sa compagne\u00a0&#8211; \u00e0 ralentir \u00e0 sa hauteur. Arm\u00e9 d\u2019un\u00a0<a href=\"http:\/\/www.lefigaro.fr\/faits-divers\/ils-ont-sorti-des-fusils-le-maire-de-fontjoncouse-raconte-l-escalade-de-la-rave-party-dans-l-aude-20250902\" data-fig-type=\"Article\" data-gtm-custom-categorie=\"navigation\" data-gtm-custom-action=\"crossclick\" data-gtm-custom-label=\"Contextuel\" data-gtm-event=\"customEventSPE\" data-fig-domain=\"LEFIGARO\" target=\"_blank\" rel=\"noopener\">fusil de chasse<\/a>, il\u00a0<a href=\"http:\/\/www.lefigaro.fr\/bordeaux\/bordeaux-un-homme-recherche-pour-tentative-de-meurtre-interpelle-a-la-gare-apres-un-controle-de-billet-20250901\" data-fig-type=\"NewsFlash\" data-gtm-custom-categorie=\"navigation\" data-gtm-custom-action=\"crossclick\" data-gtm-custom-label=\"Contextuel\" data-gtm-event=\"customEventSPE\" data-fig-domain=\"LEFIGARO\" target=\"_blank\" rel=\"noopener\">a ensuite tir\u00e9 en direction<\/a>\u00a0de la porti\u00e8re du conducteur avant de prendre la fuite. Sa victime a \u00e9t\u00e9 l\u00e9g\u00e8rement bless\u00e9e au genou tandis que sa compagne n\u2019a pas \u00e9t\u00e9 touch\u00e9e.<\/p>\n<p class=\"fig-paragraph\">Selon nos sources, les deux hommes sont originaires de Lesparre-M\u00e9doc et se c\u00f4toient depuis l\u2019enfance. Leur relation est nourrie de nombreux griefs, dont une accusation de vol de jantes de voiture &#8211; qui serait la source de ce r\u00e8glement de comptes. Rapidement identifi\u00e9, l\u2019auteur du coup de fusil \u00e9tait d\u00e9j\u00e0 connu des services de la justice pour des faits de stup\u00e9fiants. Il s\u2019est rendu \u00e0 la gendarmerie de Lesparre-Medoc, escort\u00e9 par sa famille, mardi soir. Accus\u00e9 de tentative de meurtre, le jeune homme a avou\u00e9 les faits en garde \u00e0 vue avant d\u2019\u00eatre d\u00e9f\u00e9r\u00e9 au parquet de Bordeaux ce jeudi matin. Il doit \u00eatre pr\u00e9sent\u00e9 en comparution imm\u00e9diate vendredi.<\/p>\n","protected":false},"excerpt":{"rendered":"Un homme de 25 ans a bless\u00e9 au genou une connaissance, mardi apr\u00e8s-midi sur la route entre Lesparre-M\u00e9doc&hellip;\n","protected":false},"author":2,"featured_media":365691,"comment_status":"","ping_status":"","sticky":false,"template":"","format":"standard","meta":{"footnotes":""},"categories":[2817],"tags":[1111,11,1997,1777,674,1011,27,303,777,12,2219,10210,25],"class_list":{"0":"post-365690","1":"post","2":"type-post","3":"status-publish","4":"format-standard","5":"has-post-thumbnail","7":"category-bordeaux","8":"tag-actu","9":"tag-actualites","10":"tag-bordeaux","11":"tag-eu","12":"tag-europe","13":"tag-fr","14":"tag-france","15":"tag-justice","16":"tag-meurtre","17":"tag-news","18":"tag-nouvelle-aquitaine","19":"tag-reglement-de-compte","20":"tag-republique-francaise"},"share_on_mastodon":{"url":"https:\/\/pubeurope.com\/@fr\/115146110019372723","error":""},"_links":{"self":[{"href":"https:\/\/www.europesays.com\/fr\/wp-json\/wp\/v2\/posts\/365690","targetHints":{"allow":["GET"]}}],"collection":[{"href":"https:\/\/www.europesays.com\/fr\/wp-json\/wp\/v2\/posts"}],"about":[{"href":"https:\/\/www.europesays.com\/fr\/wp-json\/wp\/v2\/types\/post"}],"author":[{"embeddable":true,"href":"https:\/\/www.europesays.com\/fr\/wp-json\/wp\/v2\/users\/2"}],"replies":[{"embeddable":true,"href":"https:\/\/www.europesays.com\/fr\/wp-json\/wp\/v2\/comments?post=365690"}],"version-history":[{"count":0,"href":"https:\/\/www.europesays.com\/fr\/wp-json\/wp\/v2\/posts\/365690\/revisions"}],"wp:featuredmedia":[{"embeddable":true,"href":"https:\/\/www.europesays.com\/fr\/wp-json\/wp\/v2\/media\/365691"}],"wp:attachment":[{"href":"https:\/\/www.europesays.com\/fr\/wp-json\/wp\/v2\/media?parent=365690"}],"wp:term":[{"taxonomy":"category","embeddable":true,"href":"https:\/\/www.europesays.com\/fr\/wp-json\/wp\/v2\/categories?post=365690"},{"taxonomy":"post_tag","embeddable":true,"href":"https:\/\/www.europesays.com\/fr\/wp-json\/wp\/v2\/tags?post=365690"}],"curies":[{"name":"wp","href":"https:\/\/api.w.org\/{rel}","templated":true}]}}