{"id":365692,"date":"2025-09-04T12:49:10","date_gmt":"2025-09-04T12:49:10","guid":{"rendered":"https:\/\/www.europesays.com\/fr\/365692\/"},"modified":"2025-09-04T12:49:10","modified_gmt":"2025-09-04T12:49:10","slug":"lenvol-des-pionniers-une-fin-dannee-captivante-entre-histoire-evenements-et-magie-de-noel","status":"publish","type":"post","link":"https:\/\/www.europesays.com\/fr\/365692\/","title":{"rendered":"L&rsquo;Envol des Pionniers : Une Fin d&rsquo;Ann\u00e9e Captivante entre Histoire, \u00c9v\u00e9nements et Magie de No\u00ebl !"},"content":{"rendered":"<p><b>Toulouse, pr\u00e9parez-vous \u00e0 voyager dans le temps ! L\u2019Envol des Pionniers \u00e0 Toulouse Montaudran vous a concoct\u00e9 une fin d\u2019ann\u00e9e 2025 riche en \u00e9v\u00e9nements et en animations. Petits et grands sont invit\u00e9s \u00e0 c\u00e9l\u00e9brer l\u2019histoire, l\u2019\u00e9l\u00e9gance et la magie des pionniers de l\u2019aviation, dans une ambiance conviviale et festive inspir\u00e9e des ann\u00e9es folles.<\/b><\/p>\n<p><img loading=\"lazy\" decoding=\"async\" class=\"size-medium wp-image-902119 aligncenter\" src=\"https:\/\/www.europesays.com\/fr\/wp-content\/uploads\/2025\/09\/lenvol-des-pionniers-2-300x212.jpg.webp.webp\" alt=\"\" width=\"300\" height=\"212\"  \/><\/p>\n<p>Du patrimoine a\u00e9ronautique aux festivit\u00e9s de No\u00ebl, L\u2019Envol des Pionniers propose un programme captivant pour les derniers mois de l\u2019ann\u00e9e. D\u00e9couvrez les temps forts \u00e0 ne pas manquer :<\/p>\n<p>20 &amp; 21 Septembre 2025 : Journ\u00e9es Europ\u00e9ennes du Patrimoine<\/p>\n<p>L\u2019Envol des Pionniers ouvre ses portes gratuitement \u00e0 l\u2019occasion des Journ\u00e9es Europ\u00e9ennes du Patrimoine. En plus d\u2019un acc\u00e8s libre aux expositions, une programmation in\u00e9dite autour du voyage et des sens vous attend :<\/p>\n<ul>\n<li><b>Exposition et ateliers<\/b> d\u2019initiation \u00e0 l\u2019art du carnet de voyage.<\/li>\n<li>Un <b>atelier d\u2019\u00e9criture sensoriel<\/b> pour stimuler votre cr\u00e9ativit\u00e9.<\/li>\n<li>Une <b>ambiance musicale festive<\/b> \u00e9voquant l\u2019esprit vibrant des ann\u00e9es folles.<\/li>\n<li>Des <b>rencontres avec les partenaires<\/b> du mus\u00e9e.<\/li>\n<\/ul>\n<p>\u00a0<\/p>\n<p>22 &amp; 23 Novembre 2025 : Festival \u00ab\u00a0Des \u00c9toiles &amp; des Ailes\u00a0\u00bb<\/p>\n<p>L\u2019Envol des Pionniers accueillera la 10\u00e8me \u00e9dition du Festival \u00ab\u00a0Des \u00e9toiles &amp; des ailes\u00a0\u00bb. Du 22 au 23 novembre, de 10h \u00e0 18h, le public pourra profiter d\u2019une riche programmation adapt\u00e9e \u00e0 tous les \u00e2ges :<\/p>\n<ul>\n<li><b>Simulateurs de vol<\/b> pour une immersion totale.<\/li>\n<li>Un <b>p\u00f4le d\u2019animations pour les plus petits<\/b> : coloriage, maquillage, lectures\u2026<\/li>\n<li>Un <b>salon du livre et de la BD<\/b>, un prix litt\u00e9raire et des projections de films.<\/li>\n<li>Des <b>rencontres et conf\u00e9rences<\/b> pour les passionn\u00e9s d\u2019a\u00e9ronautique.<\/li>\n<li>Des <b>d\u00e9monstrations de drones<\/b>.<\/li>\n<\/ul>\n<p>\u00a0<\/p>\n<p>21 D\u00e9cembre 2025 : Le No\u00ebl de L\u2019Envol des Pionniers<\/p>\n<p>Le dimanche 21 d\u00e9cembre, l\u2019Envol des Pionniers ouvrira gratuitement ses portes de 10h \u00e0 18h pour une journ\u00e9e festive intitul\u00e9e \u00ab\u00a0Le No\u00ebl de L\u2019Envol des Pionniers\u00a0\u00bb. Apr\u00e8s avoir rassembl\u00e9 plus de 2400 personnes l\u2019an pass\u00e9, l\u2019\u00e9v\u00e9nement revient pour une immersion dans l\u2019ambiance r\u00e9tro des ann\u00e9es 1920 \u00e0 Toulouse. Le programme d\u00e9taill\u00e9, m\u00e9langeant l\u2019esprit de No\u00ebl \u00e0 l\u2019histoire des pionniers de l\u2019aviation, sera bient\u00f4t d\u00e9voil\u00e9.<\/p>\n<p>\u00a0<\/p>\n<p>Tout au Long de l\u2019Ann\u00e9e\u2026<\/p>\n<ul>\n<li><b>Visite guid\u00e9e de l\u2019exposition \u00e9v\u00e9nement \u00ab Air France, une histoire d\u2019\u00e9l\u00e9gance \u00bb<\/b> Une visite de 45 minutes pour d\u00e9couvrir les anecdotes qui ont marqu\u00e9 la compagnie, ses avions embl\u00e9matiques et le r\u00f4le des premi\u00e8res h\u00f4tesses de l\u2019air.<\/li>\n<li><b>L\u2019atelier famille : Une enqu\u00eate au c\u0153ur de l\u2019A\u00e9ropostale<\/b> Pour les familles (d\u00e8s 6 ans), un atelier immersif permet de revivre la premi\u00e8re travers\u00e9e commerciale de l\u2019Atlantique Sud, avec des d\u00e9fis ludiques comme trier le courrier en vitesse ou d\u00e9crypter des messages en morse.<\/li>\n<\/ul>\n<p>Informations Pratiques :<\/p>\n<p>L\u2019Envol des Pionniers, \u00e9quipement de Toulouse M\u00e9tropole, fait revivre cette aventure humaine qui a contribu\u00e9 \u00e0 la naissance de l\u2019aviation civile et a fait de Toulouse une capitale mondiale de l\u2019a\u00e9ronautique. Venez d\u00e9couvrir cette histoire passionnante et vivre des moments uniques en famille ou entre amis !<\/p>\n","protected":false},"excerpt":{"rendered":"Toulouse, pr\u00e9parez-vous \u00e0 voyager dans le temps ! L\u2019Envol des Pionniers \u00e0 Toulouse Montaudran vous a concoct\u00e9 une&hellip;\n","protected":false},"author":2,"featured_media":365693,"comment_status":"","ping_status":"","sticky":false,"template":"","format":"standard","meta":{"footnotes":""},"categories":[2816],"tags":[1111,11,1777,674,1011,27,12,2680,25,2312],"class_list":{"0":"post-365692","1":"post","2":"type-post","3":"status-publish","4":"format-standard","5":"has-post-thumbnail","7":"category-toulouse","8":"tag-actu","9":"tag-actualites","10":"tag-eu","11":"tag-europe","12":"tag-fr","13":"tag-france","14":"tag-news","15":"tag-occitanie","16":"tag-republique-francaise","17":"tag-toulouse"},"share_on_mastodon":{"url":"https:\/\/pubeurope.com\/@fr\/115146114168046816","error":""},"_links":{"self":[{"href":"https:\/\/www.europesays.com\/fr\/wp-json\/wp\/v2\/posts\/365692","targetHints":{"allow":["GET"]}}],"collection":[{"href":"https:\/\/www.europesays.com\/fr\/wp-json\/wp\/v2\/posts"}],"about":[{"href":"https:\/\/www.europesays.com\/fr\/wp-json\/wp\/v2\/types\/post"}],"author":[{"embeddable":true,"href":"https:\/\/www.europesays.com\/fr\/wp-json\/wp\/v2\/users\/2"}],"replies":[{"embeddable":true,"href":"https:\/\/www.europesays.com\/fr\/wp-json\/wp\/v2\/comments?post=365692"}],"version-history":[{"count":0,"href":"https:\/\/www.europesays.com\/fr\/wp-json\/wp\/v2\/posts\/365692\/revisions"}],"wp:featuredmedia":[{"embeddable":true,"href":"https:\/\/www.europesays.com\/fr\/wp-json\/wp\/v2\/media\/365693"}],"wp:attachment":[{"href":"https:\/\/www.europesays.com\/fr\/wp-json\/wp\/v2\/media?parent=365692"}],"wp:term":[{"taxonomy":"category","embeddable":true,"href":"https:\/\/www.europesays.com\/fr\/wp-json\/wp\/v2\/categories?post=365692"},{"taxonomy":"post_tag","embeddable":true,"href":"https:\/\/www.europesays.com\/fr\/wp-json\/wp\/v2\/tags?post=365692"}],"curies":[{"name":"wp","href":"https:\/\/api.w.org\/{rel}","templated":true}]}}