{"id":365696,"date":"2025-09-04T12:51:10","date_gmt":"2025-09-04T12:51:10","guid":{"rendered":"https:\/\/www.europesays.com\/fr\/365696\/"},"modified":"2025-09-04T12:51:10","modified_gmt":"2025-09-04T12:51:10","slug":"il-ny-aura-pas-de-contre-braderie-au-village-des-antiquaires-a-saint-andre-lez-lille-cette-annee-04-09-2025","status":"publish","type":"post","link":"https:\/\/www.europesays.com\/fr\/365696\/","title":{"rendered":"Il n&rsquo;y aura pas de contre-braderie au Village des Antiquaires \u00e0 Saint-Andr\u00e9-lez-Lille cette ann\u00e9e &#8211; 04\/09\/2025"},"content":{"rendered":"<p>\n        Depuis 2016, celles et ceux qui veulent brader aupr\u00e8s de pros sans se taper la foule de la Braderie de Lille, vont du c\u00f4t\u00e9 du Village des Antiquaires \u00e0 Saint-Andr\u00e9-lez-Lille. Mais l&rsquo;\u00e9v\u00e9nement n&rsquo;aura pas lieu cette ann\u00e9e. On vous explique pourquoi.<\/p>\n<p>On adore chiner aupr\u00e8s des brocanteurs et antiquaires sur les grandes alt\u00e8res du centre-ville, pendant la Braderie de Lille. Mais on en conna\u00eet plein autour de nous qui ont horreur de la foule. Voil\u00e0 pourquoi, on propose chaque ann\u00e9e, <a target=\"_blank\" href=\"https:\/\/www.vozer.fr\/2025\/09\/03\/contre-braderie-ou-fuir-la-foule-du-centre-ville-de-lille\/\" rel=\"nofollow noopener\">un article contre-braderie<\/a>. Et souvent, il y a celle du Village des Antiquaires \u00e0 Saint-Andr\u00e9-lez-Lille.<\/p>\n<p>Sauf que ces 6 et 7 septembre, l&rsquo;\u00e9v\u00e9nement annuel n&rsquo;aura pas lieu. Pierre Nihoul, le g\u00e9rant,\u00a0nous explique pourquoi :\u00a0\u201cNous sommes une trentaine d&rsquo;antiquaires \u00e0 Saint-Andr\u00e9. Cette ann\u00e9e, une bonne dizaine poss\u00e8de un stand \u00e0 Lille.\u00a0Et comme d\u2019habitude c&rsquo;est une grosse organisation, nous devons faire les frites, etc\u2026 Cette ann\u00e9e on n\u2019\u00e9tait pas assez\u00a0\u00bb.<\/p>\n<p>Concr\u00e8tement, les exposant\u00b7es habituel\u00b7les de Saint-Andr\u00e9 vont rejoindre le flot de la Braderie de Lille. Vous pourrez donc toujours retrouver leurs stands, mais cette fois-ci directement boulevard Louis XIV, boulevard de la Libert\u00e9, avenue du Pr\u00e9sident Kennedy et le long de l&rsquo;Esplanade.<\/p>\n<p>L&rsquo;adresse ne ferme pas pour autant<\/p>\n<p>Depuis 2016, la contre-braderie de Saint-Andr\u00e9 permettait aux chineur\u00b7ses de d\u00e9nicher des pi\u00e8ces vintage, du mobilier design ou encore des objets publicitaires dans une ambiance plus cool et avec beaucoup moins de monde que dans le centre de Lille.\u00a0<\/p>\n<p>Ce week-end, le spot restera ouvert, mais de fa\u00e7on classique, avec moins d\u2019exposant\u00b7es donc. Pas de buvette ni de restauration, et les horaires, exceptionnellement \u00e9tendus de 9h \u00e0 21h pendant la contre-braderie, reprennent leur rythme habituel :<\/p>\n<ul>&#13;<\/p>\n<li>vendredi : de 14h \u00e0 18h<\/li>\n<p>&#13;<\/p>\n<li>samedi : de 10h \u00e0 19h<\/li>\n<p>&#13;<\/p>\n<li>dimanche : de 15h \u00e0 19h<\/li>\n<p>&#13;<\/ul>\n<p>\u00c7a reste un bon plan anti-Braderie de Lille si vous voulez chiner tranquillement aupr\u00e8s de quelques antiquaires.<\/p>\n","protected":false},"excerpt":{"rendered":"Depuis 2016, celles et ceux qui veulent brader aupr\u00e8s de pros sans se taper la foule de la&hellip;\n","protected":false},"author":2,"featured_media":365697,"comment_status":"","ping_status":"","sticky":false,"template":"","format":"standard","meta":{"footnotes":""},"categories":[2815],"tags":[1111,11,1777,674,1011,27,811,1307,12,25],"class_list":{"0":"post-365696","1":"post","2":"type-post","3":"status-publish","4":"format-standard","5":"has-post-thumbnail","7":"category-lille","8":"tag-actu","9":"tag-actualites","10":"tag-eu","11":"tag-europe","12":"tag-fr","13":"tag-france","14":"tag-hauts-de-france","15":"tag-lille","16":"tag-news","17":"tag-republique-francaise"},"share_on_mastodon":{"url":"https:\/\/pubeurope.com\/@fr\/115146121880326394","error":""},"_links":{"self":[{"href":"https:\/\/www.europesays.com\/fr\/wp-json\/wp\/v2\/posts\/365696","targetHints":{"allow":["GET"]}}],"collection":[{"href":"https:\/\/www.europesays.com\/fr\/wp-json\/wp\/v2\/posts"}],"about":[{"href":"https:\/\/www.europesays.com\/fr\/wp-json\/wp\/v2\/types\/post"}],"author":[{"embeddable":true,"href":"https:\/\/www.europesays.com\/fr\/wp-json\/wp\/v2\/users\/2"}],"replies":[{"embeddable":true,"href":"https:\/\/www.europesays.com\/fr\/wp-json\/wp\/v2\/comments?post=365696"}],"version-history":[{"count":0,"href":"https:\/\/www.europesays.com\/fr\/wp-json\/wp\/v2\/posts\/365696\/revisions"}],"wp:featuredmedia":[{"embeddable":true,"href":"https:\/\/www.europesays.com\/fr\/wp-json\/wp\/v2\/media\/365697"}],"wp:attachment":[{"href":"https:\/\/www.europesays.com\/fr\/wp-json\/wp\/v2\/media?parent=365696"}],"wp:term":[{"taxonomy":"category","embeddable":true,"href":"https:\/\/www.europesays.com\/fr\/wp-json\/wp\/v2\/categories?post=365696"},{"taxonomy":"post_tag","embeddable":true,"href":"https:\/\/www.europesays.com\/fr\/wp-json\/wp\/v2\/tags?post=365696"}],"curies":[{"name":"wp","href":"https:\/\/api.w.org\/{rel}","templated":true}]}}