{"id":365698,"date":"2025-09-04T12:52:12","date_gmt":"2025-09-04T12:52:12","guid":{"rendered":"https:\/\/www.europesays.com\/fr\/365698\/"},"modified":"2025-09-04T12:52:12","modified_gmt":"2025-09-04T12:52:12","slug":"de-nouveaux-bancs-en-coquilles-de-moules-installes-pres-de-lhotel-de-ville","status":"publish","type":"post","link":"https:\/\/www.europesays.com\/fr\/365698\/","title":{"rendered":"De nouveaux bancs en coquilles de moules install\u00e9s pr\u00e8s de l\u2019h\u00f4tel de ville"},"content":{"rendered":"<p>La Ville de <a href=\"https:\/\/www.20minutes.fr\/lille\/\" class=\"c-link c-link--is-underlined\" target=\"_blank\" rel=\"noopener\">Lille<\/a> (<a href=\"https:\/\/www.20minutes.fr\/dossier\/nord\" class=\"c-link c-link--is-underlined\" target=\"_blank\" rel=\"noopener\">Nord<\/a>) a install\u00e9 ce mercredi de nouveaux bancs r\u00e9alis\u00e9s \u00e0 partir de coquilles de moules issues de sa c\u00e9l\u00e8bre Braderie. Selon la municipalit\u00e9, il s\u2019agit d\u2019un projet men\u00e9 en partenariat avec l\u2019entreprise locale Etnisi, sp\u00e9cialis\u00e9e dans la <a href=\"https:\/\/www.20minutes.fr\/planete\/4017436-20230105-bordeaux-recyclage-coquilles-huitres-initiative-prend-ampleur\" class=\"c-link c-link--is-underlined\" target=\"_blank\" rel=\"noopener\">revalorisation des d\u00e9chets<\/a>. Les coquilles proviennent des c\u00e9l\u00e8bres tas accumul\u00e9s chaque ann\u00e9e lors de l\u2019\u00e9v\u00e9nement.<\/p>\n<p>Comme l\u2019indique le <a href=\"https:\/\/actu.fr\/hauts-de-france\/lille_59350\/lille-ces-nouveaux-bancs-sont-fabriques-en-coquilles-de-moules-de-la-braderie_63111581.html\" target=\"_blank\" class=\"c-link c-link--is-underlined\" rel=\"noopener\">site Actu.fr<\/a>, plusieurs bancs ont \u00e9t\u00e9 pos\u00e9s dans le square voisin de l\u2019h\u00f4tel de ville. Cette id\u00e9e de recycler les coquilles de moules est le fruit d\u2019une r\u00e9flexion de plusieurs ann\u00e9es afin de trouver une solution durable pour donner <a href=\"https:\/\/www.20minutes.fr\/planete\/environnement\/4051437-20230904-braderie-lille-coquilles-moules-megots-comment-tous-dechets-valorises\" class=\"c-link c-link--is-underlined\" target=\"_blank\" rel=\"noopener\">une seconde vie \u00e0 ces d\u00e9chets<\/a>.<\/p>\n<p>Une mati\u00e8re con\u00e7ue pour durer<\/p>\n<p>Les bancs sont constitu\u00e9s \u00e0 55\u00a0% de coquilles de moules, compl\u00e9t\u00e9es par des r\u00e9sidus calcaires et de verre collect\u00e9s dans la m\u00e9tropole lilloise. Le reste est assur\u00e9 par un liant. Contrairement au bois qui se d\u00e9grade rapidement, ces bancs \u00e0 base de coquilles de moules sont robustes et faciles d\u2019entretien. Ils sont donc pr\u00e9vus pour durer sur le long terme.<\/p>\n<\/p>\n<p>Une belle initiative que Lille envisage d\u2019ores et d\u00e9j\u00e0 de renouveler progressivement, au gr\u00e9 du remplacement du mobilier urbain. Petit d\u00e9tail qui a toute son importance\u00a0: chaque banc porte une plaque rappelant l\u2019<a href=\"https:\/\/www.20minutes.fr\/societe\/4110584-20240917-braderie-lille-caiman-empaille-peau-tatou-animaux-menaces-extinction-vedettes-illegales-etals\" class=\"c-link c-link--is-underlined\" target=\"_blank\" rel=\"noopener\">\u00e9dition de la Braderie<\/a> dont sont issues les coquilles.<\/p>\n","protected":false},"excerpt":{"rendered":"La Ville de Lille (Nord) a install\u00e9 ce mercredi de nouveaux bancs r\u00e9alis\u00e9s \u00e0 partir de coquilles de&hellip;\n","protected":false},"author":2,"featured_media":365699,"comment_status":"","ping_status":"","sticky":false,"template":"","format":"standard","meta":{"footnotes":""},"categories":[2815],"tags":[1111,11,17804,436,1777,674,1011,27,811,1307,12,1308,1309,52,3887,25],"class_list":{"0":"post-365698","1":"post","2":"type-post","3":"status-publish","4":"format-standard","5":"has-post-thumbnail","7":"category-lille","8":"tag-actu","9":"tag-actualites","10":"tag-braderie","11":"tag-environnement","12":"tag-eu","13":"tag-europe","14":"tag-fr","15":"tag-france","16":"tag-hauts-de-france","17":"tag-lille","18":"tag-news","19":"tag-nord","20":"tag-nord-pas-de-calais","21":"tag-planete","22":"tag-recyclage","23":"tag-republique-francaise"},"share_on_mastodon":{"url":"https:\/\/pubeurope.com\/@fr\/115146126003907463","error":""},"_links":{"self":[{"href":"https:\/\/www.europesays.com\/fr\/wp-json\/wp\/v2\/posts\/365698","targetHints":{"allow":["GET"]}}],"collection":[{"href":"https:\/\/www.europesays.com\/fr\/wp-json\/wp\/v2\/posts"}],"about":[{"href":"https:\/\/www.europesays.com\/fr\/wp-json\/wp\/v2\/types\/post"}],"author":[{"embeddable":true,"href":"https:\/\/www.europesays.com\/fr\/wp-json\/wp\/v2\/users\/2"}],"replies":[{"embeddable":true,"href":"https:\/\/www.europesays.com\/fr\/wp-json\/wp\/v2\/comments?post=365698"}],"version-history":[{"count":0,"href":"https:\/\/www.europesays.com\/fr\/wp-json\/wp\/v2\/posts\/365698\/revisions"}],"wp:featuredmedia":[{"embeddable":true,"href":"https:\/\/www.europesays.com\/fr\/wp-json\/wp\/v2\/media\/365699"}],"wp:attachment":[{"href":"https:\/\/www.europesays.com\/fr\/wp-json\/wp\/v2\/media?parent=365698"}],"wp:term":[{"taxonomy":"category","embeddable":true,"href":"https:\/\/www.europesays.com\/fr\/wp-json\/wp\/v2\/categories?post=365698"},{"taxonomy":"post_tag","embeddable":true,"href":"https:\/\/www.europesays.com\/fr\/wp-json\/wp\/v2\/tags?post=365698"}],"curies":[{"name":"wp","href":"https:\/\/api.w.org\/{rel}","templated":true}]}}