{"id":365700,"date":"2025-09-04T12:53:12","date_gmt":"2025-09-04T12:53:12","guid":{"rendered":"https:\/\/www.europesays.com\/fr\/365700\/"},"modified":"2025-09-04T12:53:12","modified_gmt":"2025-09-04T12:53:12","slug":"le-media-dextreme-droite-frontieres-avait-liste-des-avocats-marseillais-ils-repliquent-devant-la-justice","status":"publish","type":"post","link":"https:\/\/www.europesays.com\/fr\/365700\/","title":{"rendered":"Le m\u00e9dia d\u2019extr\u00eame droite Fronti\u00e8res avait list\u00e9 des avocats marseillais, ils r\u00e9pliquent devant la justice"},"content":{"rendered":"<p>Il est rare qu\u2019une salle du tribunal correctionnel affiche une telle affluence de robes noires. \u00c0 14 heures, ce mercredi 3 septembre, ils sont des dizaines assis sur les bancs ou debout, visages ferm\u00e9s et en rangs (tr\u00e8s) serr\u00e9s. Pourquoi une telle mobilisation ? Pour d\u00e9fendre une profession, mais surtout, \u00ab\u00a0la d\u00e9mocratie\u00a0\u00bb, vibre Me Chartier, <a href=\"https:\/\/www.laprovence.com\/article\/faits-divers-justice\/42229563827376\/surpopulation-carcerale-l-indignite-est-devenue-acceptable-et-gerable\" target=\"_blank\" rel=\"noopener\">avocate du Syndicat des Avocats de France (SAF)<\/a>. \u00ab\u00a0Quand on intimide un avocat\u00a0dans l\u2019exercice de ses fonctions, c\u2019est \u00e0 l\u2019ensemble du syst\u00e8me judiciaire que l\u2019on s\u2019en prend et pas seulement \u00e0 ces trois-l\u00e0\u00a0\u00bb, dit-elle, en r\u00e9f\u00e9rence \u00e0 ses coll\u00e8gues qui ont fait compara\u00eetre devant la justice, en citation directe, le m\u00e9dia d\u2019extr\u00eame droite Fronti\u00e8res et son patron, Erick Tegner. \u00ab\u00a0J\u2019aurais aim\u00e9 qu\u2019il soit l\u00e0 pour s\u2019expliquer mais il avait mieux \u00e0 faire, il \u00e9tait hier soir sur Cnews\u00a0\u00bb, ironise Me Fourrey, un des repr\u00e9sentants des parties civiles.<\/p>\n<p>Le journaliste identitaire proche de Marion Mar\u00e9chal est attaqu\u00e9 pour \u00ab\u00a0divulgation d\u2019information personnelle [\u2026] exposant \u00e0 un risque direct d\u2019atteinte \u00e0 la personne ou aux biens\u00a0\u00bb. En cause, un tweet rageur dat\u00e9 de juillet\u00a02024 au moment des \u00e9lections l\u00e9gislatives, publi\u00e9 sur le compte de Fronti\u00e8res, comptant al&#8230;<\/p>\n","protected":false},"excerpt":{"rendered":"Il est rare qu\u2019une salle du tribunal correctionnel affiche une telle affluence de robes noires. \u00c0 14 heures,&hellip;\n","protected":false},"author":2,"featured_media":365701,"comment_status":"","ping_status":"","sticky":false,"template":"","format":"standard","meta":{"footnotes":""},"categories":[2814],"tags":[17,1111,11,8851,36739,154,6592,1777,674,274,1011,27,6430,5110,884,3754,12,882,25],"class_list":{"0":"post-365700","1":"post","2":"type-post","3":"status-publish","4":"format-standard","5":"has-post-thumbnail","7":"category-marseille","8":"tag-17","9":"tag-actu","10":"tag-actualites","11":"tag-avait","12":"tag-dextreme","13":"tag-des","14":"tag-droite","15":"tag-eu","16":"tag-europe","17":"tag-faits-divers-justice","18":"tag-fr","19":"tag-france","20":"tag-frontieres","21":"tag-liste","22":"tag-marseille","23":"tag-media","24":"tag-news","25":"tag-provence-alpes-cote-dazur","26":"tag-republique-francaise"},"share_on_mastodon":{"url":"https:\/\/pubeurope.com\/@fr\/115146129683345550","error":""},"_links":{"self":[{"href":"https:\/\/www.europesays.com\/fr\/wp-json\/wp\/v2\/posts\/365700","targetHints":{"allow":["GET"]}}],"collection":[{"href":"https:\/\/www.europesays.com\/fr\/wp-json\/wp\/v2\/posts"}],"about":[{"href":"https:\/\/www.europesays.com\/fr\/wp-json\/wp\/v2\/types\/post"}],"author":[{"embeddable":true,"href":"https:\/\/www.europesays.com\/fr\/wp-json\/wp\/v2\/users\/2"}],"replies":[{"embeddable":true,"href":"https:\/\/www.europesays.com\/fr\/wp-json\/wp\/v2\/comments?post=365700"}],"version-history":[{"count":0,"href":"https:\/\/www.europesays.com\/fr\/wp-json\/wp\/v2\/posts\/365700\/revisions"}],"wp:featuredmedia":[{"embeddable":true,"href":"https:\/\/www.europesays.com\/fr\/wp-json\/wp\/v2\/media\/365701"}],"wp:attachment":[{"href":"https:\/\/www.europesays.com\/fr\/wp-json\/wp\/v2\/media?parent=365700"}],"wp:term":[{"taxonomy":"category","embeddable":true,"href":"https:\/\/www.europesays.com\/fr\/wp-json\/wp\/v2\/categories?post=365700"},{"taxonomy":"post_tag","embeddable":true,"href":"https:\/\/www.europesays.com\/fr\/wp-json\/wp\/v2\/tags?post=365700"}],"curies":[{"name":"wp","href":"https:\/\/api.w.org\/{rel}","templated":true}]}}