{"id":365704,"date":"2025-09-04T12:55:11","date_gmt":"2025-09-04T12:55:11","guid":{"rendered":"https:\/\/www.europesays.com\/fr\/365704\/"},"modified":"2025-09-04T12:55:11","modified_gmt":"2025-09-04T12:55:11","slug":"lyon-une-partie-dun-toit-seffondre-et-tombe-sur-la-terrasse-dun-restaurant","status":"publish","type":"post","link":"https:\/\/www.europesays.com\/fr\/365704\/","title":{"rendered":"Lyon. Une partie d\u2019un toit s\u2019effondre et tombe sur la terrasse d\u2019un restaurant"},"content":{"rendered":"<p>Un bandeau de toiture a chut\u00e9 sur une terrasse de restaurant ce jeudi 4 septembre, vers 14 heures, place Dumas-de-Loire, dans le quartier de <a href=\"https:\/\/www.leprogres.fr\/economie\/2025\/07\/01\/travaux-de-la-voie-lyonnaise-4-une-route-barree-seme-la-pagaille-porte-de-vaise\" target=\"_blank\" rel=\"noopener\">Vaise<\/a> (Lyon 9e). Aucun bless\u00e9 n\u2019est fort heureusement \u00e0 d\u00e9plorer\u00a0: la terrasse \u00e9tait vide \u00e0 cause de l\u2019orage.<\/p>\n<p>  La circulation coup\u00e9e devant le restaurant<\/p>\n<p>D\u2019importants moyens de secours ont \u00e9t\u00e9 engag\u00e9s par les sapeurs-pompiers qui ont notamment d\u00e9ploy\u00e9 la grande \u00e9chelle afin de d\u00e9gager les \u00e9l\u00e9ments de charpente qui mena\u00e7aient de s\u2019\u00e9craser au sol. La circulation a \u00e9t\u00e9 coup\u00e9e dans le secteur qu\u2019il est pr\u00e9f\u00e9rable d\u2019\u00e9viter. La police municipale a s\u00e9curis\u00e9 les lieux, en pr\u00e9sence d\u2019un \u00e9lu d\u2019arrondissement et bailleur Alliade.<\/p>\n","protected":false},"excerpt":{"rendered":"Un bandeau de toiture a chut\u00e9 sur une terrasse de restaurant ce jeudi 4 septembre, vers 14 heures,&hellip;\n","protected":false},"author":2,"featured_media":365705,"comment_status":"","ping_status":"","sticky":false,"template":"","format":"standard","meta":{"footnotes":""},"categories":[1889],"tags":[119,1111,11,2430,2757,1777,674,274,1011,27,2428,24817,12,25,2429],"class_list":{"0":"post-365704","1":"post","2":"type-post","3":"status-publish","4":"format-standard","5":"has-post-thumbnail","7":"category-lyon","8":"tag-accident","9":"tag-actu","10":"tag-actualites","11":"tag-auvergne-rhone-alpes","12":"tag-edition-lyon-villeurbanne","13":"tag-eu","14":"tag-europe","15":"tag-faits-divers-justice","16":"tag-fr","17":"tag-france","18":"tag-lyon","19":"tag-lyon-9e-arrondissement","20":"tag-news","21":"tag-republique-francaise","22":"tag-rhone"},"share_on_mastodon":{"url":"https:\/\/pubeurope.com\/@fr\/115146137600865909","error":""},"_links":{"self":[{"href":"https:\/\/www.europesays.com\/fr\/wp-json\/wp\/v2\/posts\/365704","targetHints":{"allow":["GET"]}}],"collection":[{"href":"https:\/\/www.europesays.com\/fr\/wp-json\/wp\/v2\/posts"}],"about":[{"href":"https:\/\/www.europesays.com\/fr\/wp-json\/wp\/v2\/types\/post"}],"author":[{"embeddable":true,"href":"https:\/\/www.europesays.com\/fr\/wp-json\/wp\/v2\/users\/2"}],"replies":[{"embeddable":true,"href":"https:\/\/www.europesays.com\/fr\/wp-json\/wp\/v2\/comments?post=365704"}],"version-history":[{"count":0,"href":"https:\/\/www.europesays.com\/fr\/wp-json\/wp\/v2\/posts\/365704\/revisions"}],"wp:featuredmedia":[{"embeddable":true,"href":"https:\/\/www.europesays.com\/fr\/wp-json\/wp\/v2\/media\/365705"}],"wp:attachment":[{"href":"https:\/\/www.europesays.com\/fr\/wp-json\/wp\/v2\/media?parent=365704"}],"wp:term":[{"taxonomy":"category","embeddable":true,"href":"https:\/\/www.europesays.com\/fr\/wp-json\/wp\/v2\/categories?post=365704"},{"taxonomy":"post_tag","embeddable":true,"href":"https:\/\/www.europesays.com\/fr\/wp-json\/wp\/v2\/tags?post=365704"}],"curies":[{"name":"wp","href":"https:\/\/api.w.org\/{rel}","templated":true}]}}