{"id":365706,"date":"2025-09-04T12:56:14","date_gmt":"2025-09-04T12:56:14","guid":{"rendered":"https:\/\/www.europesays.com\/fr\/365706\/"},"modified":"2025-09-04T12:56:14","modified_gmt":"2025-09-04T12:56:14","slug":"jean-michel-aulas-va-se-presenter-aux-municipales-2026-pour-devenir-maire-de-lyon","status":"publish","type":"post","link":"https:\/\/www.europesays.com\/fr\/365706\/","title":{"rendered":"Jean-Michel Aulas va se pr\u00e9senter aux municipales 2026 pour devenir maire de Lyon"},"content":{"rendered":"<p>                        <a class=\"author\" href=\"https:\/\/www.parismatch.com\/auteurs\/martin-regley\" rel=\"nofollow noopener\" target=\"_blank\">Martin Regley<\/a><br \/>\n        04\/09\/2025 \u00e0 14:50, Mis \u00e0 jour le 04\/09\/2025 \u00e0 14:51<\/p>\n<p class=\"intro\">Ce jeudi 4\u00a0septembre, l\u2019ancien pr\u00e9sident de l\u2019OL a indiqu\u00e9, aux c\u00f4t\u00e9s de Laurent Wauquiez et Pierre Oliver, qu\u2019il allait se lancer dans la course \u00e0 l\u2019h\u00f4tel de ville dans les prochains jours.<\/p>\n<p>La rumeur courait depuis plusieurs mois. Lui, en jouait quelque peu, tout en sondant son entourage et multipliant les apparitions. Mais ce jeudi 4\u00a0septembre, <a href=\"https:\/\/www.parismatch.com\/actu\/sport\/jean-michel-aulas-nest-plus-le-president-de-lolympique-lyonnais-224885\" target=\"_blank\" rel=\"nofollow noopener\">Jean-Michel Aulas, l\u2019ancien pr\u00e9sident embl\u00e9matique de l\u2019Olympique lyonnais<\/a>, a indiqu\u00e9 qu\u2019il allait, dans les prochains jours, annoncer sa candidature \u00e0 la mairie de Lyon pour les \u00e9lections municipales de 2026. \u00ab\u00a0Je vais me lancer dans l\u2019aventure dans quelques jours sans \u00e9tiquette\u00a0\u00bb, a-t-il expliqu\u00e9 \u00e0 nos confr\u00e8res de <a href=\"https:\/\/www.bfmtv.com\/lyon\/municipales-a-lyon-jean-michel-aulas-annonce-qu-il-va-se-lancer-dans-l-aventure-dans-quelques-jours_AV-202509040547.html\" target=\"_blank\" rel=\"nofollow noopener\">BFM Lyon<\/a> lors d\u2019une conf\u00e9rence de presse aux c\u00f4t\u00e9s de Laurent Wauquiez et Pierre Oliver.<\/p>\n<p>Alliance avec Wauquiez<\/p>\n<p>Le futur candidat a expliqu\u00e9 qu\u2019il y r\u00e9fl\u00e9chissait \u00ab\u00a0depuis un moment\u00a0\u00bb et qu\u2019il entend changer les choses. \u00ab\u00a0Je me suis rendu compte que pour transformer les choses, gagner la ville de Lyon il fallait \u00eatre uni. On est dans les starting-blocks\u00a0\u00bb, a lanc\u00e9 l\u2019ex-pr\u00e9sident de l\u2019OL.<\/p>\n<p>    La suite apr\u00e8s cette publicit\u00e9<\/p>\n<p>Chose marquante\u00a0: l\u2019homme d\u2019affaires se retrouve d\u00e9sormais sans candidat LR face \u00e0 lui apr\u00e8s le d\u00e9sistement de Pierre Oliver, maire du 2e arrondissement de la capitale des Gaules. L\u2019\u00e9lu s\u2019est d\u2019ailleurs dit \u00ab\u00a0heureux\u00a0\u00bb de s\u2019associer \u00e0 cette figure marquante de Lyon. \u00ab\u00a0Nous avons envie de redonner l\u2019attractivit\u00e9 \u00e0 notre territoire. Nous voulons tourner la page des \u00e9cologistes\u00a0\u00bb, a lanc\u00e9 le maire d\u2019arrondissement.<\/p>\n<p>    La suite apr\u00e8s cette publicit\u00e9<\/p>\n<p>En juin dernier, Jean-Michel Aulas avait command\u00e9 lui-m\u00eame un sondage pour enqu\u00eater sur les volont\u00e9s des Lyonnaises et Lyonnais. \u00c0 l\u2019\u00e9poque, il \u00e9tait cr\u00e9dit\u00e9 de 36\u00a0% d\u2019intentions de vote au premier tour, devant le maire sortant, Gr\u00e9gory Doucet.<\/p>\n","protected":false},"excerpt":{"rendered":"Martin Regley 04\/09\/2025 \u00e0 14:50, Mis \u00e0 jour le 04\/09\/2025 \u00e0 14:51 Ce jeudi 4\u00a0septembre, l\u2019ancien pr\u00e9sident de&hellip;\n","protected":false},"author":2,"featured_media":365707,"comment_status":"","ping_status":"","sticky":false,"template":"","format":"standard","meta":{"footnotes":""},"categories":[1889],"tags":[1111,11,2430,1777,674,1011,27,2428,12,25],"class_list":{"0":"post-365706","1":"post","2":"type-post","3":"status-publish","4":"format-standard","5":"has-post-thumbnail","7":"category-lyon","8":"tag-actu","9":"tag-actualites","10":"tag-auvergne-rhone-alpes","11":"tag-eu","12":"tag-europe","13":"tag-fr","14":"tag-france","15":"tag-lyon","16":"tag-news","17":"tag-republique-francaise"},"share_on_mastodon":{"url":"https:\/\/pubeurope.com\/@fr\/115146141371867772","error":""},"_links":{"self":[{"href":"https:\/\/www.europesays.com\/fr\/wp-json\/wp\/v2\/posts\/365706","targetHints":{"allow":["GET"]}}],"collection":[{"href":"https:\/\/www.europesays.com\/fr\/wp-json\/wp\/v2\/posts"}],"about":[{"href":"https:\/\/www.europesays.com\/fr\/wp-json\/wp\/v2\/types\/post"}],"author":[{"embeddable":true,"href":"https:\/\/www.europesays.com\/fr\/wp-json\/wp\/v2\/users\/2"}],"replies":[{"embeddable":true,"href":"https:\/\/www.europesays.com\/fr\/wp-json\/wp\/v2\/comments?post=365706"}],"version-history":[{"count":0,"href":"https:\/\/www.europesays.com\/fr\/wp-json\/wp\/v2\/posts\/365706\/revisions"}],"wp:featuredmedia":[{"embeddable":true,"href":"https:\/\/www.europesays.com\/fr\/wp-json\/wp\/v2\/media\/365707"}],"wp:attachment":[{"href":"https:\/\/www.europesays.com\/fr\/wp-json\/wp\/v2\/media?parent=365706"}],"wp:term":[{"taxonomy":"category","embeddable":true,"href":"https:\/\/www.europesays.com\/fr\/wp-json\/wp\/v2\/categories?post=365706"},{"taxonomy":"post_tag","embeddable":true,"href":"https:\/\/www.europesays.com\/fr\/wp-json\/wp\/v2\/tags?post=365706"}],"curies":[{"name":"wp","href":"https:\/\/api.w.org\/{rel}","templated":true}]}}