{"id":365708,"date":"2025-09-04T12:58:11","date_gmt":"2025-09-04T12:58:11","guid":{"rendered":"https:\/\/www.europesays.com\/fr\/365708\/"},"modified":"2025-09-04T12:58:11","modified_gmt":"2025-09-04T12:58:11","slug":"tout-ce-quil-faut-savoir-sur-lun-des-plus-grands-complexes-de-padel-dile-de-france","status":"publish","type":"post","link":"https:\/\/www.europesays.com\/fr\/365708\/","title":{"rendered":"tout ce qu\u2019il faut savoir sur l\u2019un des plus grands complexes de padel d\u2019\u00cele-de-France"},"content":{"rendered":"<p>            Par<br \/>\n        <strong><br \/>\n            <a href=\"https:\/\/actu.fr\/auteur\/a-marque\" title=\"Consulter tous les articles de Alexandre Marque\" target=\"_blank\" rel=\"noopener\">Alexandre Marque<\/a><br \/>\n        <\/strong><\/p>\n<p>        Publi\u00e9 le<\/p>\n<p>            4 sept. 2025 \u00e0 10h25        <\/p>\n<p>C\u2019est \u00ab\u2009LE\u2009\u00bb <a href=\"https:\/\/actu.fr\/?s=padel\" target=\"_blank\" rel=\"noopener\">sport de raquette en vogue<\/a> et les lieux pour y jouer se multiplient comme des petits pains, notamment dans les Yvelines, \u00e0 l\u2019initiative des communes ou de promoteurs priv\u00e9s. Un nouveau <b>complexe indoor de padel<\/b> ouvrira ainsi ses portes vendredi 19\u00a0septembre dans la zone d\u2019activit\u00e9s de <a href=\"https:\/\/actu.fr\/ile-de-france\/trappes_78621\" target=\"_blank\" rel=\"noopener\">Trappes<\/a> (Yvelines).<\/p>\n<p class=\" wall-content\"><a href=\"https:\/\/saint-quentin-en-yvelines.padelshot.fr\/\" target=\"_blank\" rel=\"noopener\">Padelshot Saint-Quentin-en-Yvelines<\/a> proposera douze pistes, le nom donn\u00e9 aux terrains, aux d\u00e9butants et aux joueurs confirm\u00e9s. Ce centre, le premier de l\u2019enseigne (cr\u00e9\u00e9e en 2021) en r\u00e9gion parisienne (dix ouvertures partout en France \u2013 N.D.L.R.), est pr\u00e9sent\u00e9 comme <b>l\u2019un des plus grands d\u2019\u00cele-de-France <\/b>d\u00e9di\u00e9 au padel.<\/p>\n<p>Une des pistes \u00ab\u2009utile pour les d\u00e9butants\u2009\u00bb<\/p>\n<p class=\" wall-content\">Dans un grand hangar de 3\u2009800\u00a0m2, <b>onze terrains<\/b> permettront de s\u2019affronter en double. \u00ab\u2009Les gens mordent assez rapidement, explique Marianne Motte, manager du centre et elle-m\u00eame coach de padel. C\u2019est un sport spectaculaire et assez accessible. Il n\u2019y a pas besoin d\u2019avoir un grand niveau au tennis pour d\u00e9buter.\u2009\u00bb<\/p>\n<p class=\" wall-content\">Le <b>douzi\u00e8me court<\/b>, lui, destin\u00e9 \u00e0 des parties en un contre un. \u00ab\u2009C\u2019est utile pour les d\u00e9butants, pour voir s\u2019ils appr\u00e9cient ce sport\u2009\u00bb, pr\u00e9cise la responsable des lieux.<\/p>\n<p>10 \u00e0 12\u00a0\u20ac de l\u2019heure<\/p>\n<p class=\" wall-content\">Mais tout \u00e7a, \u00e9videmment, \u00e0 un <b>prix<\/b>. Comptez 10\u00a0\u20ac de l\u2019heure en semaine, de 10\u2009h \u00e0 12\u2009h et de 14\u2009h \u00e0 17\u2009h\u200930, et 12\u00a0\u20ac du lundi au vendredi, de 12\u2009h \u00e0 14\u2009h et de 17\u2009h\u200930 \u00e0 23\u2009h, et le week-end. Des vestiaires avec des douches \u00e0 l\u2019italienne ont \u00e9t\u00e9 am\u00e9nag\u00e9s.<\/p>\n<p class=\" wall-content\">\u00c0 c\u00f4t\u00e9 des pistes, un <b>club-house<\/b> permettra de prolonger la journ\u00e9e entre partenaires autour d\u2019un verre ou d\u2019un plat. \u00ab\u2009Un cuisinier fera un menu chaque midi avec des produits de saison, informe Marianne Motte. Le soir, ce sera plus du snacking.\u2009\u00bb<\/p>\n<p>Trois jours pour tester gratuitement<\/p>\n<p class=\" wall-content\">Dans une salle, des <b>cours de yoga et de Pilates<\/b> seront \u00e9galement dispens\u00e9s \u00e0 partir de \u00ab\u2009d\u00e9but 2026\u2009\u00bb. Un autre espace pourra accueillir des r\u00e9unions et des s\u00e9minaires d\u2019entreprises. \u00c0 l\u2019avenir, des stages (pendant les vacances) seront organis\u00e9s ainsi que des tournois internes et homologu\u00e9s.<\/p>\n<p>Votre r\u00e9gion, votre actu !<\/p>\n<p>Recevez chaque jour les infos qui comptent pour vous.<\/p>\n<p>\t<a href=\"https:\/\/actu.fr\/newsletter\" class=\"ac-btn ac-btn--corner ac-btn--medium ac-btn--blue800\" target=\"_blank\" rel=\"noopener\">S&rsquo;incrire<\/a><\/p>\n<p class=\" wall-content\">Du vendredi\u00a019 au dimanche 21\u00a0septembre 2025, \u00e0 l\u2019occasion de l\u2019ouverture, il sera possible de tester gratuitement les pistes. Les <b>r\u00e9servations<\/b> s\u2019effectuent via l\u2019application Padelshot.<\/p>\n<p><b>Padelshot Saint-Quentin-en-Yvelines : <\/b>7, avenue Roger-Hennequin \u00e0 Trappes. <a href=\"https:\/\/saint-quentin-en-yvelines.padelshot.fr\/\" target=\"_blank\" rel=\"noopener\">https:\/\/saint-quentin-en- yvelines.padelshot.fr\/<\/a><\/p>\n<p class=\" wall-content\">Personnalisez votre actualit\u00e9 en ajoutant vos villes et m\u00e9dias en favori avec <a href=\"https:\/\/moncompte.actu.fr\" title=\"D\u00e9couvez Mon Actu\" rel=\"nofollow noopener\" data-trk=\"{&quot;cta&quot;:{&quot;action&quot;:&quot;https:\\\/\\\/moncompte.actu.fr&quot;,&quot;category&quot;:&quot;mon compte&quot;,&quot;from&quot;:&quot;article footer&quot;,&quot;name&quot;:&quot;Mon actu&quot;,&quot;type&quot;:&quot;cta&quot;}}\" target=\"_blank\">Mon Actu<\/a>.<\/p>\n","protected":false},"excerpt":{"rendered":"Par Alexandre Marque Publi\u00e9 le 4 sept. 2025 \u00e0 10h25 C\u2019est \u00ab\u2009LE\u2009\u00bb sport de raquette en vogue et&hellip;\n","protected":false},"author":2,"featured_media":365709,"comment_status":"","ping_status":"","sticky":false,"template":"","format":"standard","meta":{"footnotes":""},"categories":[1592],"tags":[1111,11,4983,1777,674,1011,27,662,12,626,25,104,517],"class_list":{"0":"post-365708","1":"post","2":"type-post","3":"status-publish","4":"format-standard","5":"has-post-thumbnail","7":"category-ile-de-france","8":"tag-actu","9":"tag-actualites","10":"tag-bien-etre","11":"tag-eu","12":"tag-europe","13":"tag-fr","14":"tag-france","15":"tag-ile-de-france","16":"tag-news","17":"tag-paris","18":"tag-republique-francaise","19":"tag-societe","20":"tag-sport"},"share_on_mastodon":{"url":"https:\/\/pubeurope.com\/@fr\/115146149379401610","error":""},"_links":{"self":[{"href":"https:\/\/www.europesays.com\/fr\/wp-json\/wp\/v2\/posts\/365708","targetHints":{"allow":["GET"]}}],"collection":[{"href":"https:\/\/www.europesays.com\/fr\/wp-json\/wp\/v2\/posts"}],"about":[{"href":"https:\/\/www.europesays.com\/fr\/wp-json\/wp\/v2\/types\/post"}],"author":[{"embeddable":true,"href":"https:\/\/www.europesays.com\/fr\/wp-json\/wp\/v2\/users\/2"}],"replies":[{"embeddable":true,"href":"https:\/\/www.europesays.com\/fr\/wp-json\/wp\/v2\/comments?post=365708"}],"version-history":[{"count":0,"href":"https:\/\/www.europesays.com\/fr\/wp-json\/wp\/v2\/posts\/365708\/revisions"}],"wp:featuredmedia":[{"embeddable":true,"href":"https:\/\/www.europesays.com\/fr\/wp-json\/wp\/v2\/media\/365709"}],"wp:attachment":[{"href":"https:\/\/www.europesays.com\/fr\/wp-json\/wp\/v2\/media?parent=365708"}],"wp:term":[{"taxonomy":"category","embeddable":true,"href":"https:\/\/www.europesays.com\/fr\/wp-json\/wp\/v2\/categories?post=365708"},{"taxonomy":"post_tag","embeddable":true,"href":"https:\/\/www.europesays.com\/fr\/wp-json\/wp\/v2\/tags?post=365708"}],"curies":[{"name":"wp","href":"https:\/\/api.w.org\/{rel}","templated":true}]}}