{"id":365710,"date":"2025-09-04T12:59:09","date_gmt":"2025-09-04T12:59:09","guid":{"rendered":"https:\/\/www.europesays.com\/fr\/365710\/"},"modified":"2025-09-04T12:59:09","modified_gmt":"2025-09-04T12:59:09","slug":"des-logements-sociaux-a-48-millions-pres-des-champs-elysees-anne-hidalgo-tente-deteindre-la-polemique","status":"publish","type":"post","link":"https:\/\/www.europesays.com\/fr\/365710\/","title":{"rendered":"Des logements sociaux \u00e0 48 millions pr\u00e8s des Champs-\u00c9lys\u00e9es\u202f? Anne Hidalgo tente d&rsquo;\u00e9teindre la pol\u00e9mique"},"content":{"rendered":"<p>            Par<br \/>\n        <strong><br \/>\n            <a href=\"https:\/\/actu.fr\/auteur\/redaction-paris\" title=\"Consulter tous les articles de R\u00e9daction Paris\" target=\"_blank\" rel=\"noopener\">R\u00e9daction Paris<\/a><br \/>\n        <\/strong><\/p>\n<p>        Publi\u00e9 le<\/p>\n<p>            4 sept. 2025 \u00e0 13h32        <\/p>\n<p>L\u2019immeuble haussmannien de 3\u2009600\u00a0m2, situ\u00e9 au 37 avenue George-V, dans le tr\u00e8s chic 8e arrondissement de Paris, est au c\u0153ur d\u2019une pol\u00e9mique sur les r\u00e9seaux sociaux. En cause, le montant de l\u2019op\u00e9ration, <strong>48\u00a0millions d\u2019euros<\/strong>, rapport\u00e9 aux 23 logements pr\u00e9vus. La <a href=\"https:\/\/actu.fr\/tag\/mairie-de-paris\" target=\"_blank\" rel=\"noopener\">Ville de Paris<\/a> a tenu \u00e0 apporter quelques pr\u00e9cisions.<\/p>\n<p>\u00ab\u2009Le mythe du logement social \u00e0 2\u00a0millions d\u2019euros\u2009\u00bb<\/p>\n<p class=\" wall-content\">Le rachat et la transformation en logements sociaux d\u2019un immeuble de bureaux du \u00ab\u2009Triangle d\u2019or\u2009\u00bb parisien, situ\u00e9 pr\u00e8s des <a href=\"https:\/\/actu.fr\/tag\/champs-elysees\" target=\"_blank\" rel=\"noopener\">Champs-\u00c9lys\u00e9es<\/a>, \u00ab\u2009n\u2019a pas co\u00fbt\u00e9 2\u00a0millions d\u2019euros par logement\u2009\u00bb mais a rapport\u00e9 <strong>18\u00a0millions d\u2019euros<\/strong> \u00e0 la Ville, a indiqu\u00e9 mercredi l\u2019adjoint au Logement.<\/p>\n<p class=\" wall-content\">Construit au 19\u00e8me si\u00e8cle, ce b\u00e2timent patrimonial a \u00e9t\u00e9 <strong>pr\u00e9empt\u00e9 en 2008<\/strong> par la mairie socialiste pour 17\u00a0millions d\u2019euros afin d\u2019\u00eatre transform\u00e9 en logements sociaux. \u00ab\u2009Le logement social arrive aussi dans les beaux quartiers\u2009!\u2009\u00bb, s\u2019est f\u00e9licit\u00e9 mardi sur X l\u2019adjoint au Logement Jacques Baudrier, une publication vue 580\u2009000\u00a0fois en 24\u00a0heures, suscitant au passage une pluie de commentaires indign\u00e9s et d\u2019insultes.<\/p>\n<p class=\" wall-content\">\n<p class=\" wall-content\">\u00ab\u2009Bonne nouvelle\u2009: 17\u00a0ans apr\u00e8s son achat, la mairie va enfin commencer les travaux dans son immeuble somptueux mais toujours vide de l\u2019avenue George-V. <strong>48\u00a0millions d\u2019euros<\/strong> pour 23 logements sociaux\u2026 plus de 2\u00a0millions\/appart\/ Tout. Va. Bien\u2009\u00bb, a r\u00e9agi sur X Aur\u00e9lien V\u00e9ron, porte-parole du groupe d\u2019opposition Changer Paris.<\/p>\n<p class=\" wall-content\">\n<p class=\" wall-content\">\u00ab\u2009Fake news totale, <strong>le mythe du logement social<\/strong> \u00e0 2\u00a0millions d\u2019euros est totalement faux\u2009\u00bb, a r\u00e9torqu\u00e9 mercredi devant la presse Jacques Baudrier.<\/p>\n<p>\u00ab\u2009Nous ne d\u00e9boursons rien\u2009\u00bb<\/p>\n<p class=\" wall-content\">Apr\u00e8s dix ans de recours contre le droit de pr\u00e9emption, l\u2019immeuble est finalement devenu propri\u00e9t\u00e9 de la Ville avant d\u2019\u00eatre <strong>revendu 40\u00a0millions d\u2019euros<\/strong> en 2023 au bailleur social parisien Paris Habitat. Outre les 23 logements sociaux, le projet pr\u00e9voit la cr\u00e9ation de sept logements priv\u00e9s, des surfaces commerciales en location ainsi qu\u2019un centre m\u00e9dical.<\/p>\n<p class=\" wall-content\">\u00ab\u2009Ces logements sociaux ne repr\u00e9sentent pas un co\u00fbt disproportionn\u00e9 pour la Ville puisque nous avons pr\u00e9empt\u00e9 \u00e0 17\u00a0millions d\u2019euros, <strong>un prix tr\u00e8s au-dessous de sa valeur<\/strong>, et revendu \u00e0 40, ce qui repr\u00e9sente 22\u00a0millions d\u2019euros de co\u00fbts avec la subvention de 5\u00a0millions d\u2019euros accord\u00e9e au bailleur social\u2009\u00bb, a expliqu\u00e9 l\u2019\u00e9lu communiste.<\/p>\n<p>Votre r\u00e9gion, votre actu !<\/p>\n<p>Recevez chaque jour les infos qui comptent pour vous.<\/p>\n<p>\t<a href=\"https:\/\/actu.fr\/newsletter\" class=\"ac-btn ac-btn--corner ac-btn--medium ac-btn--blue800\" target=\"_blank\" rel=\"noopener\">S&rsquo;incrire<\/a><\/p>\n<p class=\" wall-content\">\u00ab\u2009Le bailleur Paris Habitat va \u00e9galement b\u00e9n\u00e9ficier de recettes importantes qui \u00e9quilibrent l\u2019op\u00e9ration en <strong>revendant sept logements priv\u00e9s<\/strong> et en louant 560\u00a0m2 de surfaces commerciales \u00e0 des prix tr\u00e8s \u00e9lev\u00e9s puisque nous sommes avenue George-V\u2009\u00bb, a-t-il compl\u00e9t\u00e9, rappelant que l\u2019arrondissement ne comptait que 3,9\u2009% de logements sociaux.<\/p>\n<p class=\" wall-content\">Interrog\u00e9e par l\u2019AFP, <a href=\"https:\/\/actu.fr\/ile-de-france\/paris_75056\/il-y-a-urgence-a-paris-la-maire-du-8e-veut-faire-inscrire-le-protoxyde-d-azote-dans-la-liste-des-drogues_62047984.html\" target=\"_blank\" rel=\"noopener\">la maire LR du 8\u1d49 arrondissement<\/a>, Jeanne d\u2019Hautesserre, a confirm\u00e9 que la Ville \u00ab\u202fn\u2019avait pas perdu d\u2019argent\u202f\u00bb. \u00ab\u202fEn ce qui nous concerne, <strong>nous ne d\u00e9boursons rien<\/strong> et les logements sociaux permettront de loger des salari\u00e9s de l\u2019h\u00f4tellerie\u202f\u00bb, a-t-elle ajout\u00e9.<\/p>\n<p class=\" wall-content\">Avec AFP.<\/p>\n<p class=\" wall-content\">Personnalisez votre actualit\u00e9 en ajoutant vos villes et m\u00e9dias en favori avec <a href=\"https:\/\/moncompte.actu.fr\" title=\"D\u00e9couvez Mon Actu\" rel=\"nofollow noopener\" data-trk=\"{&quot;cta&quot;:{&quot;action&quot;:&quot;https:\\\/\\\/moncompte.actu.fr&quot;,&quot;category&quot;:&quot;mon compte&quot;,&quot;from&quot;:&quot;article footer&quot;,&quot;name&quot;:&quot;Mon actu&quot;,&quot;type&quot;:&quot;cta&quot;}}\" target=\"_blank\">Mon Actu<\/a>.<\/p>\n","protected":false},"excerpt":{"rendered":"Par R\u00e9daction Paris Publi\u00e9 le 4 sept. 2025 \u00e0 13h32 L\u2019immeuble haussmannien de 3\u2009600\u00a0m2, situ\u00e9 au 37 avenue&hellip;\n","protected":false},"author":2,"featured_media":365711,"comment_status":"","ping_status":"","sticky":false,"template":"","format":"standard","meta":{"footnotes":""},"categories":[1888],"tags":[1111,1928,11,1927,2618,1777,674,1011,27,6459,2381,12,1926,626,1925,25,104],"class_list":{"0":"post-365710","1":"post","2":"type-post","3":"status-publish","4":"format-standard","5":"has-post-thumbnail","7":"category-paris","8":"tag-actu","9":"tag-actu-paris","10":"tag-actualites","11":"tag-actualites-paris","12":"tag-anne-hidalgo","13":"tag-eu","14":"tag-europe","15":"tag-fr","16":"tag-france","17":"tag-logements-sociaux","18":"tag-mairie-de-paris","19":"tag-news","20":"tag-news-paris","21":"tag-paris","22":"tag-paris-news","23":"tag-republique-francaise","24":"tag-societe"},"share_on_mastodon":{"url":"https:\/\/pubeurope.com\/@fr\/115146153426073531","error":""},"_links":{"self":[{"href":"https:\/\/www.europesays.com\/fr\/wp-json\/wp\/v2\/posts\/365710","targetHints":{"allow":["GET"]}}],"collection":[{"href":"https:\/\/www.europesays.com\/fr\/wp-json\/wp\/v2\/posts"}],"about":[{"href":"https:\/\/www.europesays.com\/fr\/wp-json\/wp\/v2\/types\/post"}],"author":[{"embeddable":true,"href":"https:\/\/www.europesays.com\/fr\/wp-json\/wp\/v2\/users\/2"}],"replies":[{"embeddable":true,"href":"https:\/\/www.europesays.com\/fr\/wp-json\/wp\/v2\/comments?post=365710"}],"version-history":[{"count":0,"href":"https:\/\/www.europesays.com\/fr\/wp-json\/wp\/v2\/posts\/365710\/revisions"}],"wp:featuredmedia":[{"embeddable":true,"href":"https:\/\/www.europesays.com\/fr\/wp-json\/wp\/v2\/media\/365711"}],"wp:attachment":[{"href":"https:\/\/www.europesays.com\/fr\/wp-json\/wp\/v2\/media?parent=365710"}],"wp:term":[{"taxonomy":"category","embeddable":true,"href":"https:\/\/www.europesays.com\/fr\/wp-json\/wp\/v2\/categories?post=365710"},{"taxonomy":"post_tag","embeddable":true,"href":"https:\/\/www.europesays.com\/fr\/wp-json\/wp\/v2\/tags?post=365710"}],"curies":[{"name":"wp","href":"https:\/\/api.w.org\/{rel}","templated":true}]}}