{"id":365712,"date":"2025-09-04T13:00:18","date_gmt":"2025-09-04T13:00:18","guid":{"rendered":"https:\/\/www.europesays.com\/fr\/365712\/"},"modified":"2025-09-04T13:00:18","modified_gmt":"2025-09-04T13:00:18","slug":"news-une-date-a-paris-pour-the-last-dinner-party","status":"publish","type":"post","link":"https:\/\/www.europesays.com\/fr\/365712\/","title":{"rendered":"News : Une date \u00e0 Paris pour The Last Dinner Party"},"content":{"rendered":"<p>       The Last Dinner Party ont annonc\u00e9 ce matin les d\u00e9tails de leur prochaine tourn\u00e9e en Europe accompagnant la sortie de l&rsquo;album <strong>From The Pyre<\/strong> le 17 octobre prochain.<\/p>\n<p>La formation anglaise se produira \u00e0 cette occasion au Z\u00e9nith de Paris le 25 f\u00e9vrier 2026, une pr\u00e9vente \u00e9tant pr\u00e9vue le jeudi 11 septembre \u00e0 10h avant l&rsquo;ouverture de la billetterie g\u00e9n\u00e9rale le vendredi 12 septembre \u00e0 10h.&#13;\n <\/p>\n","protected":false},"excerpt":{"rendered":"The Last Dinner Party ont annonc\u00e9 ce matin les d\u00e9tails de leur prochaine tourn\u00e9e en Europe accompagnant la&hellip;\n","protected":false},"author":2,"featured_media":365713,"comment_status":"","ping_status":"","sticky":false,"template":"","format":"standard","meta":{"footnotes":""},"categories":[1888],"tags":[1111,1928,11,1927,1777,674,1011,27,12,1926,626,1925,25],"class_list":{"0":"post-365712","1":"post","2":"type-post","3":"status-publish","4":"format-standard","5":"has-post-thumbnail","7":"category-paris","8":"tag-actu","9":"tag-actu-paris","10":"tag-actualites","11":"tag-actualites-paris","12":"tag-eu","13":"tag-europe","14":"tag-fr","15":"tag-france","16":"tag-news","17":"tag-news-paris","18":"tag-paris","19":"tag-paris-news","20":"tag-republique-francaise"},"share_on_mastodon":{"url":"https:\/\/pubeurope.com\/@fr\/115146157158256257","error":""},"_links":{"self":[{"href":"https:\/\/www.europesays.com\/fr\/wp-json\/wp\/v2\/posts\/365712","targetHints":{"allow":["GET"]}}],"collection":[{"href":"https:\/\/www.europesays.com\/fr\/wp-json\/wp\/v2\/posts"}],"about":[{"href":"https:\/\/www.europesays.com\/fr\/wp-json\/wp\/v2\/types\/post"}],"author":[{"embeddable":true,"href":"https:\/\/www.europesays.com\/fr\/wp-json\/wp\/v2\/users\/2"}],"replies":[{"embeddable":true,"href":"https:\/\/www.europesays.com\/fr\/wp-json\/wp\/v2\/comments?post=365712"}],"version-history":[{"count":0,"href":"https:\/\/www.europesays.com\/fr\/wp-json\/wp\/v2\/posts\/365712\/revisions"}],"wp:featuredmedia":[{"embeddable":true,"href":"https:\/\/www.europesays.com\/fr\/wp-json\/wp\/v2\/media\/365713"}],"wp:attachment":[{"href":"https:\/\/www.europesays.com\/fr\/wp-json\/wp\/v2\/media?parent=365712"}],"wp:term":[{"taxonomy":"category","embeddable":true,"href":"https:\/\/www.europesays.com\/fr\/wp-json\/wp\/v2\/categories?post=365712"},{"taxonomy":"post_tag","embeddable":true,"href":"https:\/\/www.europesays.com\/fr\/wp-json\/wp\/v2\/tags?post=365712"}],"curies":[{"name":"wp","href":"https:\/\/api.w.org\/{rel}","templated":true}]}}