{"id":365714,"date":"2025-09-04T13:01:10","date_gmt":"2025-09-04T13:01:10","guid":{"rendered":"https:\/\/www.europesays.com\/fr\/365714\/"},"modified":"2025-09-04T13:01:10","modified_gmt":"2025-09-04T13:01:10","slug":"abra-invente-le-gateau-design","status":"publish","type":"post","link":"https:\/\/www.europesays.com\/fr\/365714\/","title":{"rendered":"Abra invente le g\u00e2teau design"},"content":{"rendered":"<p class=\"p1\">Tal Spiegel a deux passions, qu\u2019il a toujours voulu mener de front. Preuve en est avec l\u2019ouverture de la <strong>p\u00e2tisserie<\/strong> <strong>Abra<\/strong>, pour laquelle il enfile son tablier de p\u00e2tissier sans quitter sa casquette de designer. Son parcours est aussi surprenant et audacieux que l\u2019exp\u00e9rience p\u00e2tissi\u00e8re qu\u2019il d\u00e9voile rue des Mauvais-Gar\u00e7ons. Dipl\u00f4m\u00e9 d\u2019une prestigieuse \u00e9cole de design graphique en Isra\u00ebl, puis form\u00e9 \u00e0 l\u2019\u00e9cole <strong>Ferrandi<\/strong> \u00e0 Paris, il d\u00e9marre sa carri\u00e8re en tant que chef p\u00e2tissier consultant pour des enseignes de renom telles que LVMH, Reebok ou Mitsubishi. Pour sa premi\u00e8re aventure en solo, il cr\u00e9e un espace color\u00e9, r\u00e9solument moderne et \u00e0 l\u2019esth\u00e9tique minimaliste. Le laboratoire de p\u00e2tisserie est visible depuis la rue gr\u00e2ce \u00e0 une grande verri\u00e8re. Les douceurs in\u00e9dites surprennent la vue avant d\u2019affoler les papilles : tarte au citron transform\u00e9e en presse-agrumes, Petit Beurramisu \u2013 clin d\u2019\u0153il au Petit Beurre et au tiramisu \u2013 ou encore une interpr\u00e9tation graphique de la skyline parisienne en g\u00e2teau \u00e0 la noisette.<\/p>\n","protected":false},"excerpt":{"rendered":"Tal Spiegel a deux passions, qu\u2019il a toujours voulu mener de front. Preuve en est avec l\u2019ouverture de&hellip;\n","protected":false},"author":2,"featured_media":365715,"comment_status":"","ping_status":"","sticky":false,"template":"","format":"standard","meta":{"footnotes":""},"categories":[1888],"tags":[11,1777,674,2656,1011,27,12,626,25],"class_list":{"0":"post-365714","1":"post","2":"type-post","3":"status-publish","4":"format-standard","5":"has-post-thumbnail","7":"category-paris","8":"tag-actualites","9":"tag-eu","10":"tag-europe","11":"tag-food","12":"tag-fr","13":"tag-france","14":"tag-news","15":"tag-paris","16":"tag-republique-francaise"},"share_on_mastodon":{"url":"https:\/\/pubeurope.com\/@fr\/115146161114100726","error":""},"_links":{"self":[{"href":"https:\/\/www.europesays.com\/fr\/wp-json\/wp\/v2\/posts\/365714","targetHints":{"allow":["GET"]}}],"collection":[{"href":"https:\/\/www.europesays.com\/fr\/wp-json\/wp\/v2\/posts"}],"about":[{"href":"https:\/\/www.europesays.com\/fr\/wp-json\/wp\/v2\/types\/post"}],"author":[{"embeddable":true,"href":"https:\/\/www.europesays.com\/fr\/wp-json\/wp\/v2\/users\/2"}],"replies":[{"embeddable":true,"href":"https:\/\/www.europesays.com\/fr\/wp-json\/wp\/v2\/comments?post=365714"}],"version-history":[{"count":0,"href":"https:\/\/www.europesays.com\/fr\/wp-json\/wp\/v2\/posts\/365714\/revisions"}],"wp:featuredmedia":[{"embeddable":true,"href":"https:\/\/www.europesays.com\/fr\/wp-json\/wp\/v2\/media\/365715"}],"wp:attachment":[{"href":"https:\/\/www.europesays.com\/fr\/wp-json\/wp\/v2\/media?parent=365714"}],"wp:term":[{"taxonomy":"category","embeddable":true,"href":"https:\/\/www.europesays.com\/fr\/wp-json\/wp\/v2\/categories?post=365714"},{"taxonomy":"post_tag","embeddable":true,"href":"https:\/\/www.europesays.com\/fr\/wp-json\/wp\/v2\/tags?post=365714"}],"curies":[{"name":"wp","href":"https:\/\/api.w.org\/{rel}","templated":true}]}}