{"id":365716,"date":"2025-09-04T13:02:10","date_gmt":"2025-09-04T13:02:10","guid":{"rendered":"https:\/\/www.europesays.com\/fr\/365716\/"},"modified":"2025-09-04T13:02:10","modified_gmt":"2025-09-04T13:02:10","slug":"la-maquette-de-la-charpente-sera-exposee-dans-les-landes","status":"publish","type":"post","link":"https:\/\/www.europesays.com\/fr\/365716\/","title":{"rendered":"la maquette de la charpente sera expos\u00e9e dans les Landes"},"content":{"rendered":"<p>Dans le cadre de l\u2019accompagnement du projet de restauration de l\u2019\u00e9glise Saint-Jean Baptiste d\u2019Aul\u00e8s, \u00e9glise class\u00e9e aux Monuments historiques, la maquette de la charpente de Notre Dame de Paris sera pr\u00e9sent\u00e9e \u2013 ainsi que les chaises et prie-Dieu confectionn\u00e9es pour la cath\u00e9drale de Paris, par l\u2019entreprise Bastiat d\u2019Hagetmau.<\/p>\n<p>Le programme sur ces trois jours pr\u00e9voit des expositions de peintures des Amis de Doazit, un concours de photos par la Galerie J, des ateliers de taille de pierre, de d\u00e9coupe de bois de charpente et de techniques d\u2019assemblage. Plusieurs conf\u00e9rences auront lieu, notamment sur l\u2019histoire du compagnonnage ainsi que sur le mobilier religieux d\u2019Aul\u00e8s. Un concert de chorales est d\u00e9j\u00e0 pr\u00e9vu le samedi soir, \u00e0 l\u2019\u00e9glise du bourg, ainsi que la r\u00e9alisation de deux fresques et un repas gastronomique (r\u00e9servations au 06\u00a071\u00a058\u00a016\u00a096), le dimanche midi.<\/p>\n<p>Samedi, outre une d\u00e9couverte in situ de l\u2019\u00e9glise d\u2019Aul\u00e8s, une table ronde intitul\u00e9e \u00ab\u00a0D\u00e9fis et enjeux de la pr\u00e9servation du patrimoine, r\u00e9unira divers acteurs. Plus d\u2019informations sur la page Facebook des <a href=\"https:\/\/www.facebook.com\/profile.php?id=61576005426882\" target=\"_blank\" rel=\"nofollow noopener\">Compagnons de l\u2019art et du patrimoine<\/a>.<\/p>\n","protected":false},"excerpt":{"rendered":"Dans le cadre de l\u2019accompagnement du projet de restauration de l\u2019\u00e9glise Saint-Jean Baptiste d\u2019Aul\u00e8s, \u00e9glise class\u00e9e aux Monuments&hellip;\n","protected":false},"author":2,"featured_media":365717,"comment_status":"","ping_status":"","sticky":false,"template":"","format":"standard","meta":{"footnotes":""},"categories":[1888],"tags":[11,1777,674,1011,27,12,626,25],"class_list":{"0":"post-365716","1":"post","2":"type-post","3":"status-publish","4":"format-standard","5":"has-post-thumbnail","7":"category-paris","8":"tag-actualites","9":"tag-eu","10":"tag-europe","11":"tag-fr","12":"tag-france","13":"tag-news","14":"tag-paris","15":"tag-republique-francaise"},"share_on_mastodon":{"url":"https:\/\/pubeurope.com\/@fr\/115146165053941642","error":""},"_links":{"self":[{"href":"https:\/\/www.europesays.com\/fr\/wp-json\/wp\/v2\/posts\/365716","targetHints":{"allow":["GET"]}}],"collection":[{"href":"https:\/\/www.europesays.com\/fr\/wp-json\/wp\/v2\/posts"}],"about":[{"href":"https:\/\/www.europesays.com\/fr\/wp-json\/wp\/v2\/types\/post"}],"author":[{"embeddable":true,"href":"https:\/\/www.europesays.com\/fr\/wp-json\/wp\/v2\/users\/2"}],"replies":[{"embeddable":true,"href":"https:\/\/www.europesays.com\/fr\/wp-json\/wp\/v2\/comments?post=365716"}],"version-history":[{"count":0,"href":"https:\/\/www.europesays.com\/fr\/wp-json\/wp\/v2\/posts\/365716\/revisions"}],"wp:featuredmedia":[{"embeddable":true,"href":"https:\/\/www.europesays.com\/fr\/wp-json\/wp\/v2\/media\/365717"}],"wp:attachment":[{"href":"https:\/\/www.europesays.com\/fr\/wp-json\/wp\/v2\/media?parent=365716"}],"wp:term":[{"taxonomy":"category","embeddable":true,"href":"https:\/\/www.europesays.com\/fr\/wp-json\/wp\/v2\/categories?post=365716"},{"taxonomy":"post_tag","embeddable":true,"href":"https:\/\/www.europesays.com\/fr\/wp-json\/wp\/v2\/tags?post=365716"}],"curies":[{"name":"wp","href":"https:\/\/api.w.org\/{rel}","templated":true}]}}