{"id":365718,"date":"2025-09-04T13:03:10","date_gmt":"2025-09-04T13:03:10","guid":{"rendered":"https:\/\/www.europesays.com\/fr\/365718\/"},"modified":"2025-09-04T13:03:10","modified_gmt":"2025-09-04T13:03:10","slug":"tensions-russie-ukraine-dans-le-vestiaire-du-psg","status":"publish","type":"post","link":"https:\/\/www.europesays.com\/fr\/365718\/","title":{"rendered":"Tensions Russie &#8211; Ukraine dans le vestiaire du PSG"},"content":{"rendered":"<p class=\"app_entry_lead\">\n<p>                    <a title=\"\u00a0\u00a9\u00a0J.E.E\/SIPA (publi\u00e9e le 04\/09\/2025)\" href=\"https:\/\/www.europesays.com\/fr\/wp-content\/uploads\/2025\/09\/79801831.jpg\" class=\"fancy\"><\/p>\n<p>                            <img loading=\"lazy\" decoding=\"async\" src=\"https:\/\/www.europesays.com\/fr\/wp-content\/uploads\/2025\/09\/79801831.jpg\" alt=\"Tensions Russie - Ukraine dans le vestiaire du PSG\" width=\"1500\" height=\"1000\"\/><\/p>\n<p>                    <\/a><\/p>\n<p>                L&rsquo;ancien gardien du Dynamo Kiev, Denys Boyko, a r\u00e9v\u00e9l\u00e9 la demande du d\u00e9fenseur central Illia Zabarnyi avant de signer pour le club parisien.<\/p>\n<p>De grosses tensions dans le vestiaire du PSG ? Selon des informations rapport\u00e9es par la Gazzetta Dello Sport\u00a0et des m\u00e9dias ukrainiens, le d\u00e9fenseur central Illia Zabarnyi, recrut\u00e9 cet \u00e9t\u00e9 en provenance de\u00a0Bournemouth pour 63\u00a0millions d&rsquo;euros\u00a0, aurait demand\u00e9 le d\u00e9part du gardien russe Matvey Safonov avant d&rsquo;accepter l&rsquo;offre parisienne.<\/p>\n<p>L&rsquo;information a \u00e9t\u00e9 r\u00e9v\u00e9l\u00e9e par l&rsquo;ancien gardien du Dynamo Kiev,\u00a0Denys Boyko,\u00a0lors d&rsquo;une \u00e9mission sur Football 360\u00a0:\u00a0\u00a0\u00bb\u00a0J&rsquo;ai parl\u00e9 avec Illia et il m&rsquo;a dit qu&rsquo;il avait demand\u00e9 que le Russe ne rejoigne pas le PSG\u00a0. Malheureusement, tout ne d\u00e9pend pas de lui. Safonov a un contrat jusqu&rsquo;en 2029\u00a0et il ne peut pas \u00eatre r\u00e9sili\u00e9.\u00a0\u00bb Mais le gardien ne semble pas pr\u00eat de partir si on regarde les nouvelles d\u00e9clarations. \u00ab\u00a0Je suis pr\u00eat \u00e0 me battre pour de nouveaux troph\u00e9es et de nouvelles opportunit\u00e9s\u00a0\u00bb.\u00a0Invit\u00e9 \u00e0 commenter la situation qu&rsquo;il vit avec Zabarnyi, le Russe a \u00e9t\u00e9 cash.\u00a0\u00ab\u00a0Je ne le ferai pas.\u00a0\u00bb<\/p>\n<p>Bien conscient du probl\u00e8me, Luis Enrique a tent\u00e9 d&rsquo;apaiser certaines \u00e9ventuelles tensions. \u00ab\u00a0Le sport et le football sont le meilleur moyen d&rsquo;inclure les gens et de cr\u00e9er l&rsquo;unit\u00e9, pas la division\u00a0\u00bb a-t-il lanc\u00e9.<\/p>\n","protected":false},"excerpt":{"rendered":"L&rsquo;ancien gardien du Dynamo Kiev, Denys Boyko, a r\u00e9v\u00e9l\u00e9 la demande du d\u00e9fenseur central Illia Zabarnyi avant de&hellip;\n","protected":false},"author":2,"featured_media":365719,"comment_status":"","ping_status":"","sticky":false,"template":"","format":"standard","meta":{"footnotes":""},"categories":[1591],"tags":[11,1887,12,1885,1886,132],"class_list":{"0":"post-365718","1":"post","2":"type-post","3":"status-publish","4":"format-standard","5":"has-post-thumbnail","7":"category-russie","8":"tag-actualites","9":"tag-federation-de-russie","10":"tag-news","11":"tag-russia","12":"tag-russian-federation","13":"tag-russie"},"share_on_mastodon":{"url":"https:\/\/pubeurope.com\/@fr\/115146169779764247","error":""},"_links":{"self":[{"href":"https:\/\/www.europesays.com\/fr\/wp-json\/wp\/v2\/posts\/365718","targetHints":{"allow":["GET"]}}],"collection":[{"href":"https:\/\/www.europesays.com\/fr\/wp-json\/wp\/v2\/posts"}],"about":[{"href":"https:\/\/www.europesays.com\/fr\/wp-json\/wp\/v2\/types\/post"}],"author":[{"embeddable":true,"href":"https:\/\/www.europesays.com\/fr\/wp-json\/wp\/v2\/users\/2"}],"replies":[{"embeddable":true,"href":"https:\/\/www.europesays.com\/fr\/wp-json\/wp\/v2\/comments?post=365718"}],"version-history":[{"count":0,"href":"https:\/\/www.europesays.com\/fr\/wp-json\/wp\/v2\/posts\/365718\/revisions"}],"wp:featuredmedia":[{"embeddable":true,"href":"https:\/\/www.europesays.com\/fr\/wp-json\/wp\/v2\/media\/365719"}],"wp:attachment":[{"href":"https:\/\/www.europesays.com\/fr\/wp-json\/wp\/v2\/media?parent=365718"}],"wp:term":[{"taxonomy":"category","embeddable":true,"href":"https:\/\/www.europesays.com\/fr\/wp-json\/wp\/v2\/categories?post=365718"},{"taxonomy":"post_tag","embeddable":true,"href":"https:\/\/www.europesays.com\/fr\/wp-json\/wp\/v2\/tags?post=365718"}],"curies":[{"name":"wp","href":"https:\/\/api.w.org\/{rel}","templated":true}]}}