{"id":36572,"date":"2025-04-19T13:18:31","date_gmt":"2025-04-19T13:18:31","guid":{"rendered":"https:\/\/www.europesays.com\/fr\/36572\/"},"modified":"2025-04-19T13:18:31","modified_gmt":"2025-04-19T13:18:31","slug":"grenoble-une-rixe-fait-un-blesse-pres-de-la-foire-des-rameaux","status":"publish","type":"post","link":"https:\/\/www.europesays.com\/fr\/36572\/","title":{"rendered":"Grenoble. Une rixe fait un bless\u00e9 pr\u00e8s de la foire des Rameaux"},"content":{"rendered":"<p>Une rixe entre pr\u00e8s d\u2019une dizaine de personnes a \u00e9clat\u00e9 \u00e0 proximit\u00e9 de la foire des Rameaux, \u00e0 Grenoble, ce vendredi 18\u00a0avril, vers 20\u00a0h\u00a030. Selon nos informations, des forains auraient poursuivi\ufeff jusqu\u2019\u00e0 l\u2019ext\u00e9rieur de la foire des personnes qui auraient tent\u00e9 de voler sur des stands. Et c\u2019est au niveau de la route de Lyon qu\u2019une bagarre a \u00e9clat\u00e9 entre les deux groupes. Des coups ont \u00e9t\u00e9 \u00e9chang\u00e9s et un homme a \u00e9t\u00e9 bless\u00e9 au bras.<\/p>\n<p>\u00c2g\u00e9 de 27 ans, il a \u00e9t\u00e9 transport\u00e9 au CHU de Grenoble, sans que son \u00e9tat ne soit particuli\u00e8rement pr\u00e9occupant.<\/p>\n","protected":false},"excerpt":{"rendered":"Une rixe entre pr\u00e8s d\u2019une dizaine de personnes a \u00e9clat\u00e9 \u00e0 proximit\u00e9 de la foire des Rameaux, \u00e0&hellip;\n","protected":false},"author":2,"featured_media":36573,"comment_status":"","ping_status":"","sticky":false,"template":"","format":"standard","meta":{"footnotes":""},"categories":[9566],"tags":[1111,11,2430,112,1777,674,274,107,1011,27,2731,2732,108,12,25],"class_list":{"0":"post-36572","1":"post","2":"type-post","3":"status-publish","4":"format-standard","5":"has-post-thumbnail","7":"category-grenoble","8":"tag-actu","9":"tag-actualites","10":"tag-auvergne-rhone-alpes","11":"tag-edition-grenoble-agglomeration","12":"tag-eu","13":"tag-europe","14":"tag-faits-divers-justice","15":"tag-fil-info","16":"tag-fr","17":"tag-france","18":"tag-grenoble","19":"tag-grenoble-bassin","20":"tag-isere","21":"tag-news","22":"tag-republique-francaise"},"share_on_mastodon":{"url":"https:\/\/pubeurope.com\/@fr\/114364829187518306","error":""},"_links":{"self":[{"href":"https:\/\/www.europesays.com\/fr\/wp-json\/wp\/v2\/posts\/36572","targetHints":{"allow":["GET"]}}],"collection":[{"href":"https:\/\/www.europesays.com\/fr\/wp-json\/wp\/v2\/posts"}],"about":[{"href":"https:\/\/www.europesays.com\/fr\/wp-json\/wp\/v2\/types\/post"}],"author":[{"embeddable":true,"href":"https:\/\/www.europesays.com\/fr\/wp-json\/wp\/v2\/users\/2"}],"replies":[{"embeddable":true,"href":"https:\/\/www.europesays.com\/fr\/wp-json\/wp\/v2\/comments?post=36572"}],"version-history":[{"count":0,"href":"https:\/\/www.europesays.com\/fr\/wp-json\/wp\/v2\/posts\/36572\/revisions"}],"wp:featuredmedia":[{"embeddable":true,"href":"https:\/\/www.europesays.com\/fr\/wp-json\/wp\/v2\/media\/36573"}],"wp:attachment":[{"href":"https:\/\/www.europesays.com\/fr\/wp-json\/wp\/v2\/media?parent=36572"}],"wp:term":[{"taxonomy":"category","embeddable":true,"href":"https:\/\/www.europesays.com\/fr\/wp-json\/wp\/v2\/categories?post=36572"},{"taxonomy":"post_tag","embeddable":true,"href":"https:\/\/www.europesays.com\/fr\/wp-json\/wp\/v2\/tags?post=36572"}],"curies":[{"name":"wp","href":"https:\/\/api.w.org\/{rel}","templated":true}]}}