{"id":365722,"date":"2025-09-04T13:05:23","date_gmt":"2025-09-04T13:05:23","guid":{"rendered":"https:\/\/www.europesays.com\/fr\/365722\/"},"modified":"2025-09-04T13:05:23","modified_gmt":"2025-09-04T13:05:23","slug":"usa-le-secteur-prive-a-cree-54000-emplois-en-aout-nettement-moins-quattendu","status":"publish","type":"post","link":"https:\/\/www.europesays.com\/fr\/365722\/","title":{"rendered":"USA: le secteur priv\u00e9 a cr\u00e9\u00e9 54&rsquo;000 emplois en ao\u00fbt, nettement moins qu&rsquo;attendu"},"content":{"rendered":"<p style=\"margin-top:5px\">Washington (awp\/afp) &#8211; Les cr\u00e9ations d&#8217;emploi ont nettement ralenti dans le secteur priv\u00e9 aux Etats-Unis en ao\u00fbt, selon une enqu\u00eate publi\u00e9e jeudi \u00e0 la veille de la publication des chiffres officiels sur le march\u00e9 du travail am\u00e9ricain.<\/p>\n<p>Le mois dernier, 54.000 emplois ont \u00e9t\u00e9 cr\u00e9\u00e9s dans le secteur priv\u00e9, contre 106.000 en juillet, selon l&rsquo;enqu\u00eate mensuelle ADP\/Stanford Lab.<\/p>\n<p>Les march\u00e9s s&rsquo;attendaient \u00e0 environ 75.000 cr\u00e9ations d&#8217;emploi, selon le consensus publi\u00e9 par MarketWatch.<\/p>\n<p>\u00ab\u00a0L&rsquo;ann\u00e9e a d\u00e9marr\u00e9 avec une forte croissance de l&#8217;emploi, mais cette dynamique a \u00e9t\u00e9 frein\u00e9e par l&rsquo;incertitude\u00a0\u00bb, observe Nela Richardson, l&rsquo;\u00e9conomiste responsable de l&rsquo;enqu\u00eate, cit\u00e9e dans le communiqu\u00e9.<\/p>\n<p>Selon elle, \u00ab\u00a0plusieurs facteurs peuvent expliquer le ralentissement des embauches, notamment des p\u00e9nuries de main-d&rsquo;oeuvre, la frilosit\u00e9 des consommateurs ou les bouleversements li\u00e9s \u00e0 l&rsquo;IA\u00a0\u00bb (intelligence artificielle).<\/p>\n<p>La publication sur l&#8217;emploi priv\u00e9 est consid\u00e9r\u00e9e comme un barom\u00e8tre plus ou moins fiable des chiffres officiels, qui seront publi\u00e9s vendredi.<\/p>\n<p>Ces donn\u00e9es seront scrut\u00e9es de pr\u00e8s, le rapport pr\u00e9c\u00e9dent ayant bross\u00e9 un tableau n\u00e9gatif et mis en col\u00e8re le pr\u00e9sident Donald Trump, qui a limog\u00e9 la responsable du service statistiques.<\/p>\n<p>Selon le rapport ADP, la plupart des cr\u00e9ations d&#8217;emploi sont rest\u00e9es concentr\u00e9es dans les secteurs des loisirs et de l&rsquo;h\u00f4tellerie en cette p\u00e9riode estivale (50.000).<\/p>\n<p>A l&rsquo;inverse, des emplois ont \u00e9t\u00e9 d\u00e9truits dans les secteurs de la logistique et de l&rsquo;industrie, chahut\u00e9s par l&rsquo;offensive protectionniste du pr\u00e9sident Donald Trump qui a significativement relev\u00e9 les droits de douane.<\/p>\n<p>afp\/rp<\/p>\n","protected":false},"excerpt":{"rendered":"Washington (awp\/afp) &#8211; Les cr\u00e9ations d&#8217;emploi ont nettement ralenti dans le secteur priv\u00e9 aux Etats-Unis en ao\u00fbt, selon&hellip;\n","protected":false},"author":2,"featured_media":2490,"comment_status":"","ping_status":"","sticky":false,"template":"","format":"standard","meta":{"footnotes":""},"categories":[1589],"tags":[11,340,73,1866,12,1864,1865,1863,308],"class_list":{"0":"post-365722","1":"post","2":"type-post","3":"status-publish","4":"format-standard","5":"has-post-thumbnail","7":"category-etats-unis","8":"tag-actualites","9":"tag-bourse","10":"tag-etats-unis","11":"tag-etats-unis-damerique","12":"tag-news","13":"tag-united-states","14":"tag-united-states-of-america","15":"tag-us","16":"tag-usa"},"share_on_mastodon":{"url":"https:\/\/pubeurope.com\/@fr\/115146176907236434","error":""},"_links":{"self":[{"href":"https:\/\/www.europesays.com\/fr\/wp-json\/wp\/v2\/posts\/365722","targetHints":{"allow":["GET"]}}],"collection":[{"href":"https:\/\/www.europesays.com\/fr\/wp-json\/wp\/v2\/posts"}],"about":[{"href":"https:\/\/www.europesays.com\/fr\/wp-json\/wp\/v2\/types\/post"}],"author":[{"embeddable":true,"href":"https:\/\/www.europesays.com\/fr\/wp-json\/wp\/v2\/users\/2"}],"replies":[{"embeddable":true,"href":"https:\/\/www.europesays.com\/fr\/wp-json\/wp\/v2\/comments?post=365722"}],"version-history":[{"count":0,"href":"https:\/\/www.europesays.com\/fr\/wp-json\/wp\/v2\/posts\/365722\/revisions"}],"wp:featuredmedia":[{"embeddable":true,"href":"https:\/\/www.europesays.com\/fr\/wp-json\/wp\/v2\/media\/2490"}],"wp:attachment":[{"href":"https:\/\/www.europesays.com\/fr\/wp-json\/wp\/v2\/media?parent=365722"}],"wp:term":[{"taxonomy":"category","embeddable":true,"href":"https:\/\/www.europesays.com\/fr\/wp-json\/wp\/v2\/categories?post=365722"},{"taxonomy":"post_tag","embeddable":true,"href":"https:\/\/www.europesays.com\/fr\/wp-json\/wp\/v2\/tags?post=365722"}],"curies":[{"name":"wp","href":"https:\/\/api.w.org\/{rel}","templated":true}]}}