{"id":365723,"date":"2025-09-04T13:06:09","date_gmt":"2025-09-04T13:06:09","guid":{"rendered":"https:\/\/www.europesays.com\/fr\/365723\/"},"modified":"2025-09-04T13:06:09","modified_gmt":"2025-09-04T13:06:09","slug":"environ-90-des-adultes-autistes-de-plus-de-40-ans-ne-sont-pas-diagnostiques","status":"publish","type":"post","link":"https:\/\/www.europesays.com\/fr\/365723\/","title":{"rendered":"environ 90 % des adultes autistes de plus de 40 ans ne sont pas diagnostiqu\u00e9s"},"content":{"rendered":"<p class=\"mb-4 text-lg md:leading-8 break-words\">Quelque 89 \u00e0 97 % des adultes autistes \u00e2g\u00e9s de plus de 40 ans ne sont pas diagnostiqu\u00e9s au Royaume-Uni, selon le plus grand rapport de ce type.<\/p>\n<p class=\"mb-4 text-lg md:leading-8 break-words\">Alors que l&rsquo;autisme est aujourd&rsquo;hui commun\u00e9ment reconnu et diagnostiqu\u00e9 dans l&rsquo;enfance, de nombreux adultes plus \u00e2g\u00e9s ont grandi sans b\u00e9n\u00e9ficier de la m\u00eame sensibilisation ou des m\u00eames \u00e9valuations que celles disponibles aujourd&rsquo;hui, ce qui leur permet de naviguer dans le milieu et la fin de leur vie sans le soutien qu&rsquo;un diagnostic peut apporter.<\/p>\n<p class=\"mb-4 text-lg md:leading-8 break-words\">L&rsquo;\u00e9tude, publi\u00e9e cette semaine dans l&rsquo;<a href=\"https:\/\/www.annualreviews.org\/content\/journals\/10.1146\/annurev-devpsych-111323-090813#abstract_content\" rel=\"nofollow noopener\" target=\"_blank\" data-ylk=\"slk:Annual Review of Developmental Psychology;elm:context_link;itc:0;sec:content-canvas\" class=\"link \"><strong>Annual Review of Developmental Psychology<\/strong><\/a><strong>,<\/strong> a r\u00e9v\u00e9l\u00e9 que les adultes autistes plus \u00e2g\u00e9s sont syst\u00e9matiquement confront\u00e9s \u00e0 des taux plus \u00e9lev\u00e9s de probl\u00e8mes de sant\u00e9 physique et mentale, ainsi qu&rsquo;\u00e0 des difficult\u00e9s en mati\u00e8re d&#8217;emploi, de relations et d&rsquo;\u00e9v\u00e9nements de la vie tels que la m\u00e9nopause et la retraite.<\/p>\n<p class=\"mb-4 text-lg md:leading-8 break-words\">Le Dr Gavin Stewart, codirecteur du Re : Spect Lab au King&rsquo;s College de Londres et auteur principal de l&rsquo;\u00e9tude, a d\u00e9clar\u00e9 \u00e0 <strong>Euronews Health<\/strong> :<\/p>\n<p class=\"mb-4 text-lg md:leading-8 break-words\">\u00ab\u00a0L&rsquo;autisme chez les personnes \u00e2g\u00e9es est souvent n\u00e9glig\u00e9. Depuis une dizaine d&rsquo;ann\u00e9es, on s&rsquo;int\u00e9resse de plus en plus \u00e0 ce qui arrive aux personnes autistes lorsqu&rsquo;elles vieillissent\u00a0\u00bb.<\/p>\n<p class=\"mb-4 text-lg md:leading-8 break-words\"><b class=\"c-widget-related__title__text\">Related<\/b><\/p>\n<p>Les risques cach\u00e9s de l&rsquo;autisme chez les adultes<\/p>\n<p class=\"mb-4 text-lg md:leading-8 break-words\">L&rsquo;\u00e9tude a rassembl\u00e9 des donn\u00e9es montrant que les adultes autistes d&rsquo;\u00e2ge moyen et plus \u00e2g\u00e9s pr\u00e9sentent des taux plus \u00e9lev\u00e9s de <a href=\"https:\/\/fr.news.yahoo.com\/souffrez-dune-maladie-auto-immune-060458994.html\" data-ylk=\"slk:maladies immunitaires;elm:context_link;itc:0;sec:content-canvas;outcm:mb_qualified_link;_E:mb_qualified_link;ct:story;\" class=\"link  yahoo-link\" target=\"_blank\" rel=\"noopener\"><strong>maladies immunitaires<\/strong><\/a>, de maladies cardiovasculaires, de troubles neurologiques, de troubles gastro-intestinaux, d&rsquo;anxi\u00e9t\u00e9 et de d\u00e9pression. Ils sont \u00e9galement plus susceptibles de d\u00e9velopper des pathologies typiquement li\u00e9es au vieillissement, telles que la maladie de Parkinson, l&rsquo;ost\u00e9oporose et l&rsquo;arthrite.<\/p>\n<p class=\"mb-4 text-lg md:leading-8 break-words\">Certains r\u00e9sultats sont particuli\u00e8rement alarmants. Les donn\u00e9es montrent que les personnes \u00e2g\u00e9es pr\u00e9sentant des traits autistiques \u00e9lev\u00e9s sont six fois plus susceptibles d&rsquo;avoir des <a href=\"https:\/\/fr.news.yahoo.com\/m%C3%A9dicaments-contre-tdah-r%C3%A9duisent-risque-133108019.html\" data-ylk=\"slk:pens\u00e9es suicidaires;elm:context_link;itc:0;sec:content-canvas;outcm:mb_qualified_link;_E:mb_qualified_link;ct:story;\" class=\"link  yahoo-link\" target=\"_blank\" rel=\"noopener\"><strong>pens\u00e9es suicidaires<\/strong><\/a> ou de s&rsquo;automutiler, et quatre fois plus susceptibles d&rsquo;\u00eatre diagnostiqu\u00e9es comme souffrant d&rsquo;une d\u00e9mence pr\u00e9coce.<\/p>\n<p class=\"mb-4 text-lg md:leading-8 break-words\">L&rsquo;esp\u00e9rance de vie est \u00e9galement plus faible : au Royaume-Uni, les autistes vivent en moyenne jusqu&rsquo;\u00e0 75 ans, contre 81 ans pour les non-autistes. Les auteurs pr\u00e9cisent toutefois que ces chiffres peuvent \u00eatre fauss\u00e9s par des niveaux \u00e9lev\u00e9s de sous-diagnostic.<\/p>\n<p class=\"mb-4 text-lg md:leading-8 break-words\">\u00ab\u00a0Une partie de ce ph\u00e9nom\u00e8ne peut \u00eatre d&rsquo;origine g\u00e9n\u00e9tique, car de nombreuses affections partagent des facteurs g\u00e9n\u00e9tiques communs. Mais une grande partie provient de d\u00e9fis externes : la stigmatisation, les obstacles \u00e0 l&rsquo;\u00e9ducation et \u00e0 l&#8217;emploi, l&rsquo;isolement social et m\u00eame les difficult\u00e9s \u00e0 faire de l&rsquo;exercice physique\u00a0\u00bb, a expliqu\u00e9 le Dr Stewart.<\/p>\n<p class=\"mb-4 text-lg md:leading-8 break-words\">\u00ab\u00a0Tous ces facteurs ont un effet d&rsquo;entra\u00eenement qui d\u00e9t\u00e9riore la sant\u00e9 mentale et physique\u00a0\u00bb.<\/p>\n<p>Pourquoi tant de cas ne sont pas diagnostiqu\u00e9s<\/p>\n<p class=\"mb-4 text-lg md:leading-8 break-words\">L&rsquo;autisme a \u00e9t\u00e9 d\u00e9crit cliniquement pour la premi\u00e8re fois dans les ann\u00e9es 1920 et 1940, mais n&rsquo;a \u00e9t\u00e9 officiellement inclus dans les manuels de diagnostic que dans les ann\u00e9es 1960. Selon Stewart, ce d\u00e9calage historique explique pourquoi tant de personnes \u00e2g\u00e9es n&rsquo;ont pas \u00e9t\u00e9 diagnostiqu\u00e9es.<\/p>\n<p class=\"mb-4 text-lg md:leading-8 break-words\">Aujourd&rsquo;hui, le trouble du spectre autistique est d\u00e9fini comme \u00ab\u00a0un trouble neurologique et du d\u00e9veloppement qui affecte la fa\u00e7on dont les personnes interagissent avec les autres, communiquent, apprennent et se comportent\u00a0\u00bb, selon l&rsquo;organisme de recherche National Institute of Mental Health.<\/p>\n<p class=\"mb-4 text-lg md:leading-8 break-words\">\u00ab\u00a0L&rsquo;autisme est encore un diagnostic relativement nouveau. Ainsi, de nombreux jeunes n\u00e9s dans les ann\u00e9es 1960 n&rsquo;ont pas \u00e9t\u00e9 pris en compte dans les crit\u00e8res tr\u00e8s \u00e9troits et tr\u00e8s stricts qui \u00e9taient autrefois appliqu\u00e9s \u00e0 l&rsquo;autisme. Il s&rsquo;agit simplement d&rsquo;une am\u00e9lioration de notre compr\u00e9hension et de notre reconnaissance de l&rsquo;autisme\u00a0\u00bb, ajoute le rapport.<\/p>\n<p class=\"mb-4 text-lg md:leading-8 break-words\">Bien que les taux d&rsquo;autisme aient fortement augment\u00e9 au cours des derni\u00e8res d\u00e9cennies &#8211; en 2022, un enfant am\u00e9ricain de moins de huit ans sur 31 a \u00e9t\u00e9 diagnostiqu\u00e9 &#8211; les chercheurs affirment que cela est d\u00fb en grande partie \u00e0 une meilleure sensibilisation et \u00e0 des crit\u00e8res de diagnostic plus larges plut\u00f4t qu&rsquo;\u00e0 une v\u00e9ritable augmentation.<\/p>\n<p class=\"mb-4 text-lg md:leading-8 break-words\">Une <a href=\"https:\/\/acamh.onlinelibrary.wiley.com\/doi\/10.1111\/jcpp.13505\" rel=\"nofollow noopener\" target=\"_blank\" data-ylk=\"slk:\u00e9tude r\u00e9alis\u00e9e;elm:context_link;itc:0;sec:content-canvas\" class=\"link \">\u00e9tude r\u00e9alis\u00e9e<\/a> au Royaume-Uni en 2021 a r\u00e9v\u00e9l\u00e9 qu&rsquo;entre 1998 et 2018, le nombre de diagnostics d&rsquo;autisme avait augment\u00e9 de 787 %.<\/p>\n<p>Appel \u00e0 un meilleur soutien<\/p>\n<p class=\"mb-4 text-lg md:leading-8 break-words\">La recherche sur le vieillissement des populations autistes a presque quadrupl\u00e9 depuis 2012, mais seulement 0,4 % de toutes les recherches sur l&rsquo;autisme men\u00e9es depuis 1980 se sont concentr\u00e9es sur les personnes en milieu de vie ou plus \u00e2g\u00e9es.<\/p>\n<p class=\"mb-4 text-lg md:leading-8 break-words\">Le Dr Stewart a pr\u00e9venu qu&rsquo;il \u00e9tait urgent d&rsquo;investir davantage dans l&rsquo;aide et dans les services.<\/p>\n<p class=\"mb-4 text-lg md:leading-8 break-words\">\u00ab\u00a0Les offres de soutien sont un domaine tr\u00e8s important qui n\u00e9cessite beaucoup plus de recherches. Nous devons savoir quel type de soutien les gens souhaitent, comment le mettre en \u0153uvre au mieux et comment s&rsquo;assurer que les gens ne passent pas entre les mailles du filet, qu&rsquo;il s&rsquo;agisse de l&rsquo;acc\u00e8s aux soins de sant\u00e9 ou de questions plus larges telles que l&rsquo;isolement social\u00a0\u00bb.<\/p>\n<p class=\"mb-4 text-lg md:leading-8 break-words\">Il ajoute qu&rsquo;il y a \u00e9galement un gros travail \u00e0 faire en mati\u00e8re de sensibilisation et d&rsquo;identification des personnes autistes non diagnostiqu\u00e9es.<\/p>\n<p class=\"mb-4 text-lg md:leading-8 break-words\">\u00ab\u00a0Si l&rsquo;on consid\u00e8re qu&rsquo;environ 90 % des personnes de plus de 40 ans ne sont pas diagnostiqu\u00e9es, cela repr\u00e9sente une population consid\u00e9rable qui ne re\u00e7oit pas le soutien dont elle a besoin\u00a0\u00bb, a-t-il d\u00e9clar\u00e9.<\/p>\n","protected":false},"excerpt":{"rendered":"Quelque 89 \u00e0 97 % des adultes autistes \u00e2g\u00e9s de plus de 40 ans ne sont pas diagnostiqu\u00e9s&hellip;\n","protected":false},"author":2,"featured_media":365724,"comment_status":"","ping_status":"","sticky":false,"template":"","format":"standard","meta":{"footnotes":""},"categories":[1588],"tags":[11,49406,1777,674,49405,50013,12,2571,473,1853,1851,1850,1852],"class_list":{"0":"post-365723","1":"post","2":"type-post","3":"status-publish","4":"format-standard","5":"has-post-thumbnail","7":"category-royaume-uni","8":"tag-actualites","9":"tag-adultes-autistes","10":"tag-eu","11":"tag-europe","12":"tag-kings-college-de-londres","13":"tag-lautisme","14":"tag-news","15":"tag-personnes-agees","16":"tag-royaume-uni","17":"tag-royaume-uni-de-grande-bretagne-et-dirlande-du-nord","18":"tag-uk","19":"tag-united-kingdom","20":"tag-united-kingdom-of-great-britain-and-northern-ireland"},"share_on_mastodon":{"url":"https:\/\/pubeurope.com\/@fr\/115146180951165010","error":""},"_links":{"self":[{"href":"https:\/\/www.europesays.com\/fr\/wp-json\/wp\/v2\/posts\/365723","targetHints":{"allow":["GET"]}}],"collection":[{"href":"https:\/\/www.europesays.com\/fr\/wp-json\/wp\/v2\/posts"}],"about":[{"href":"https:\/\/www.europesays.com\/fr\/wp-json\/wp\/v2\/types\/post"}],"author":[{"embeddable":true,"href":"https:\/\/www.europesays.com\/fr\/wp-json\/wp\/v2\/users\/2"}],"replies":[{"embeddable":true,"href":"https:\/\/www.europesays.com\/fr\/wp-json\/wp\/v2\/comments?post=365723"}],"version-history":[{"count":0,"href":"https:\/\/www.europesays.com\/fr\/wp-json\/wp\/v2\/posts\/365723\/revisions"}],"wp:featuredmedia":[{"embeddable":true,"href":"https:\/\/www.europesays.com\/fr\/wp-json\/wp\/v2\/media\/365724"}],"wp:attachment":[{"href":"https:\/\/www.europesays.com\/fr\/wp-json\/wp\/v2\/media?parent=365723"}],"wp:term":[{"taxonomy":"category","embeddable":true,"href":"https:\/\/www.europesays.com\/fr\/wp-json\/wp\/v2\/categories?post=365723"},{"taxonomy":"post_tag","embeddable":true,"href":"https:\/\/www.europesays.com\/fr\/wp-json\/wp\/v2\/tags?post=365723"}],"curies":[{"name":"wp","href":"https:\/\/api.w.org\/{rel}","templated":true}]}}