{"id":365729,"date":"2025-09-04T13:09:11","date_gmt":"2025-09-04T13:09:11","guid":{"rendered":"https:\/\/www.europesays.com\/fr\/365729\/"},"modified":"2025-09-04T13:09:11","modified_gmt":"2025-09-04T13:09:11","slug":"les-orques-sement-de-nouveau-la-panique-au-large-de-lespagne","status":"publish","type":"post","link":"https:\/\/www.europesays.com\/fr\/365729\/","title":{"rendered":"les orques se\u0300ment de nouveau la panique au large de l\u2019Espagne"},"content":{"rendered":"<p>Publi\u00e9 le 04 sept. 2025 \u00e0 14:53<\/p>\n<p><strong>Il ne fait pas bon naviguer dans les eaux espagnoles. Depuis plusieurs semaines, les embarcations sont en effet la cible de redoutables pr\u00e9datrices.<\/strong><\/p>\n<p>C&rsquo;est reparti pour un tour\u2026 Depuis quelques semaines, des voiliers naviguant au large des c\u00f4tes espagnoles subissent de nouveau des attaques spectaculaires d\u2019orques. Ces incidents, qui se multiplient dans les estuaires de Galice et du nord du Portugal, laissent des \u00e9quipages terrifi\u00e9s et des bateaux s\u00e9rieusement endommag\u00e9s. Mais, alors que certains y voient un comportement agressif ou m\u00eame une forme de vengeance animale, les chercheurs privil\u00e9gient une explication plus complexe, li\u00e9e \u00e0 la sociabilit\u00e9 de ces pr\u00e9dateurs marins.<\/p>\n<p>Des attaques r\u00e9p\u00e9t\u00e9es et des \u00e9quipages terrifi\u00e9s<\/p>\n<p>Le 21\u00a0ao\u00fbt, un voilier allemand naviguant dans l\u2019estuaire de Vigo, en Galice, a vu son gouvernail arrach\u00e9 par des orques. Selon le quotidien espagnol Faro de Vigo, les c\u00e9tac\u00e9s ont ensuite continu\u00e9 \u00e0 percuter l\u2019embarcation, m\u00eame lorsque celle-ci a \u00e9t\u00e9 remorqu\u00e9e vers un port en s\u00e9curit\u00e9. Quelques jours plus tard, le 30\u00a0ao\u00fbt, un bateau de style traditionnel a subi le m\u00eame sort au large d\u2019O Grove, tandis qu\u2019un autre voilier a \u00e9t\u00e9 \u00e9ventr\u00e9 dans l\u2019estuaire de Pontevedra.<\/p>\n<p>Valent\u00edn (&#8230;)<\/p>\n","protected":false},"excerpt":{"rendered":"Publi\u00e9 le 04 sept. 2025 \u00e0 14:53 Il ne fait pas bon naviguer dans les eaux espagnoles. Depuis&hellip;\n","protected":false},"author":2,"featured_media":365730,"comment_status":"","ping_status":"","sticky":false,"template":"","format":"standard","meta":{"footnotes":""},"categories":[1586],"tags":[11,1777,674,1779,1011,27,12,25,1778,364],"class_list":{"0":"post-365729","1":"post","2":"type-post","3":"status-publish","4":"format-standard","5":"has-post-thumbnail","7":"category-europe","8":"tag-actualites","9":"tag-eu","10":"tag-europe","11":"tag-european-union","12":"tag-fr","13":"tag-france","14":"tag-news","15":"tag-republique-francaise","16":"tag-ue","17":"tag-union-europeenne"},"share_on_mastodon":{"url":"https:\/\/pubeurope.com\/@fr\/115146192617830007","error":""},"_links":{"self":[{"href":"https:\/\/www.europesays.com\/fr\/wp-json\/wp\/v2\/posts\/365729","targetHints":{"allow":["GET"]}}],"collection":[{"href":"https:\/\/www.europesays.com\/fr\/wp-json\/wp\/v2\/posts"}],"about":[{"href":"https:\/\/www.europesays.com\/fr\/wp-json\/wp\/v2\/types\/post"}],"author":[{"embeddable":true,"href":"https:\/\/www.europesays.com\/fr\/wp-json\/wp\/v2\/users\/2"}],"replies":[{"embeddable":true,"href":"https:\/\/www.europesays.com\/fr\/wp-json\/wp\/v2\/comments?post=365729"}],"version-history":[{"count":0,"href":"https:\/\/www.europesays.com\/fr\/wp-json\/wp\/v2\/posts\/365729\/revisions"}],"wp:featuredmedia":[{"embeddable":true,"href":"https:\/\/www.europesays.com\/fr\/wp-json\/wp\/v2\/media\/365730"}],"wp:attachment":[{"href":"https:\/\/www.europesays.com\/fr\/wp-json\/wp\/v2\/media?parent=365729"}],"wp:term":[{"taxonomy":"category","embeddable":true,"href":"https:\/\/www.europesays.com\/fr\/wp-json\/wp\/v2\/categories?post=365729"},{"taxonomy":"post_tag","embeddable":true,"href":"https:\/\/www.europesays.com\/fr\/wp-json\/wp\/v2\/tags?post=365729"}],"curies":[{"name":"wp","href":"https:\/\/api.w.org\/{rel}","templated":true}]}}