{"id":365737,"date":"2025-09-04T13:13:12","date_gmt":"2025-09-04T13:13:12","guid":{"rendered":"https:\/\/www.europesays.com\/fr\/365737\/"},"modified":"2025-09-04T13:13:12","modified_gmt":"2025-09-04T13:13:12","slug":"vers-un-parc-denvergure-sur-un-terrain-de-golf-a-laval","status":"publish","type":"post","link":"https:\/\/www.europesays.com\/fr\/365737\/","title":{"rendered":"Vers un parc d&rsquo;envergure sur un terrain de golf \u00e0 Laval"},"content":{"rendered":"<p><strong>Une nouvelle \u00e9tape vient d\u2019\u00eatre franchie \u00e0 Laval dans le processus de la Ville visant \u00e0 acqu\u00e9rir un important terrain de golf sur son territoire.<\/strong><\/p>\n<p>Selon ce qu\u2019a appris TVA Nouvelles, le comit\u00e9 ex\u00e9cutif a r\u00e9cemment approuv\u00e9 une lettre d\u2019intention destin\u00e9e au propri\u00e9taire du site du Golf Sainte-Rose, le Groupe immobilier Van Houtte inc., afin d\u2019amorcer des n\u00e9gociations s\u00e9rieuses.<\/p>\n<p>Dans le quartier qui porte le m\u00eame nom, le maire voit grand. St\u00e9phane Boyer se montre ferme sur ses intentions. Il veut prot\u00e9ger ce secteur et le transformer en un \u00abvaste parc naturel riverain\u00bb, accessible \u00e0 toutes et \u00e0 tous.<\/p>\n<p>\u00abNous souhaitons donc y d\u00e9velopper des activit\u00e9s de plein air respectueuses du milieu naturel qui permettront de profiter de la nature\u00bb, pr\u00e9cise M. Boyer.<\/p>\n<p>Il estime qu\u2019environ 12,5 millions de dollars seraient n\u00e9cessaires pour prot\u00e9ger ce \u00absite strat\u00e9gique \u00e0 haute valeur \u00e9cologique et r\u00e9cr\u00e9ative\u00bb, dont la superficie \u00e9quivaut \u00e0 73 terrains de football.<\/p>\n<p>L\u2019initiative se fait en collaboration avec la Communaut\u00e9 m\u00e9tropolitaine de Montr\u00e9al (CMM), dans le cadre de ses efforts pour pr\u00e9server 30 % du territoire et d\u00e9velopper un r\u00e9seau de parcs m\u00e9tropolitains. Laval entend donc d\u00e9poser une demande de subvention.<\/p>\n<p>On ne s\u2019attend pas \u00e0 ce qu\u2019une transaction ait lieu avant 2026. N\u00e9anmoins, l\u2019objectif est que le terrain de golf reste en activit\u00e9 jusqu\u2019\u00e0 la fin de la saison 2027.<\/p>\n<p>\u00c0 quoi ressemblera le parc ? Les Lavallois et les organismes locaux seront consult\u00e9s, assure-t-on.<\/p>\n","protected":false},"excerpt":{"rendered":"Une nouvelle \u00e9tape vient d\u2019\u00eatre franchie \u00e0 Laval dans le processus de la Ville visant \u00e0 acqu\u00e9rir un&hellip;\n","protected":false},"author":2,"featured_media":365738,"comment_status":"","ping_status":"","sticky":false,"template":"","format":"standard","meta":{"footnotes":""},"categories":[1418],"tags":[1011,27,1472,60],"class_list":{"0":"post-365737","1":"post","2":"type-post","3":"status-publish","4":"format-standard","5":"has-post-thumbnail","7":"category-golf","8":"tag-fr","9":"tag-france","10":"tag-golf","11":"tag-sports"},"share_on_mastodon":{"url":"https:\/\/pubeurope.com\/@fr\/115146208251773440","error":""},"_links":{"self":[{"href":"https:\/\/www.europesays.com\/fr\/wp-json\/wp\/v2\/posts\/365737","targetHints":{"allow":["GET"]}}],"collection":[{"href":"https:\/\/www.europesays.com\/fr\/wp-json\/wp\/v2\/posts"}],"about":[{"href":"https:\/\/www.europesays.com\/fr\/wp-json\/wp\/v2\/types\/post"}],"author":[{"embeddable":true,"href":"https:\/\/www.europesays.com\/fr\/wp-json\/wp\/v2\/users\/2"}],"replies":[{"embeddable":true,"href":"https:\/\/www.europesays.com\/fr\/wp-json\/wp\/v2\/comments?post=365737"}],"version-history":[{"count":0,"href":"https:\/\/www.europesays.com\/fr\/wp-json\/wp\/v2\/posts\/365737\/revisions"}],"wp:featuredmedia":[{"embeddable":true,"href":"https:\/\/www.europesays.com\/fr\/wp-json\/wp\/v2\/media\/365738"}],"wp:attachment":[{"href":"https:\/\/www.europesays.com\/fr\/wp-json\/wp\/v2\/media?parent=365737"}],"wp:term":[{"taxonomy":"category","embeddable":true,"href":"https:\/\/www.europesays.com\/fr\/wp-json\/wp\/v2\/categories?post=365737"},{"taxonomy":"post_tag","embeddable":true,"href":"https:\/\/www.europesays.com\/fr\/wp-json\/wp\/v2\/tags?post=365737"}],"curies":[{"name":"wp","href":"https:\/\/api.w.org\/{rel}","templated":true}]}}