{"id":365747,"date":"2025-09-04T13:20:12","date_gmt":"2025-09-04T13:20:12","guid":{"rendered":"https:\/\/www.europesays.com\/fr\/365747\/"},"modified":"2025-09-04T13:20:12","modified_gmt":"2025-09-04T13:20:12","slug":"pauline-ferrand-prevot-ne-salignera-finalement-pas-au-tour-de-lardeche-lequipe","status":"publish","type":"post","link":"https:\/\/www.europesays.com\/fr\/365747\/","title":{"rendered":"Pauline Ferrand-Pr\u00e9v\u00f4t ne s&#039;alignera finalement pas au Tour de l&#039;Ard\u00e8che &#8211; L&#039;\u00c9quipe"},"content":{"rendered":"<ol>\n<li><a href=\"https:\/\/news.google.com\/rss\/articles\/CBMizgFBVV95cUxQYy1HYkNnSTN1Z1YxV29zTTQ1SktnSWJpaFVrUXo2NWJnd3Exc1dKb3AwNnhfbkJoTllJbzZ5UG5iOWJNRGpBZU1KOVJRLWtnRnpPdElzLUp3eW9vYTh6UktBQzhiWDFIZ0NhbzRjX1lYbWhyYllQV19KeThrSENKbVBOYnZ1azNkN083TkVZbUFoOTRoUTJaVXBaUUVSbnJIQzdWVDhVektFV21Vbk1GNkJYTHdrWnV3SVYzUUNiWm9kejVQNFhiMUdqNWNTQQ?oc=5\" target=\"_blank\" rel=\"nofollow noopener\">Pauline Ferrand-Pr\u00e9v\u00f4t ne s&rsquo;alignera finalement pas au Tour de l&rsquo;Ard\u00e8che<\/a>&nbsp;&nbsp;L&rsquo;\u00c9quipe<\/li>\n<li><a href=\"https:\/\/news.google.com\/rss\/articles\/CBMi-AFBVV95cUxNOWpvS3FBX2FOYTJaY1NOUldXdFMtWWdBdDN0S3htTzRIbWJLWFpPN0F3X2UyNlRvQU9iSlpwanlxSHItN3NMRTNTUktVVEhQRy11Q2tYRHRIajBzSEZ1M2lHVHZ5RGoxSU4zWnZGbFRDRGp0NTMwODJJenBYdG4ySU54eWRaMWZPdElGenhVMHF0dFlWWVN6S29NaldFRXp2TlR0X3lnLWtvcHJ6cUVTWEJsc3psLUpZNjdVYkFJUGRnWGIxNE1aUFNub195OV9yQ0ZMTFBGV01XTV9wU1NJMEFzUkhrYTliT28zenZRV2NucHJkRE1qdA?oc=5\" target=\"_blank\" rel=\"nofollow noopener\">Finalement pr\u00e9sente aux Mondiaux, Ferrand-Pr\u00e9v\u00f4t renonce au Tour de l&rsquo;Ard\u00e8che<\/a>&nbsp;&nbsp;Eurosport<\/li>\n<li><a href=\"https:\/\/news.google.com\/rss\/articles\/CBMi_wFBVV95cUxPNWoyVVNoRUFEdjdJLUotUk1nVF9jQVF2ak9GcGJQQmczeEZzZjBDbDNjT2UxOWVvdUg3RldFTXUtTTFjOWZYdjlzU25rUXN1WGFTOVVTRUx3SlZYYnQtOXVyZkltREhEb3R2akNVWVhBUkJrQWVQYy1zQ2s4UVMtOFZPcm1mdnJjRmJ2dGFOZDhRY1oyTUZ4a0NPVVU2WlFxM3RVVkh5WXdSd1hjOEtlU29iMTQ0em1xM2hMRHNwakVyQjJmSlY3UkZmWEFMS0FlYTVpUC1TZWVQak1qZ21kOEFaUWpjblJRZ2VvdU1ITHRfSzNZNnVrUlAxMUw2aFU?oc=5\" target=\"_blank\" rel=\"nofollow noopener\">Une \u00e9tape 100 % Gard rhodanien mardi 9 septembre pour ouvrir le prestigieux Tour cycliste f\u00e9minin international de l\u2019Ard\u00e8che<\/a>&nbsp;&nbsp;Midi Libre<\/li>\n<li><a href=\"https:\/\/news.google.com\/rss\/articles\/CBMiqgJBVV95cUxNNkJCQUR4eGdPVDEyc1k3cVRSak9SY0JfV2FmVG1Yb0xwQXMwYkRZb1RJQ2tEWWJnZ19EQmVVUlREQ0xlcHpXU0JBdFpyWDBwTzlQSEpkSl9yRzV4ZmIyV0RPZTYwNEV3Njlfc2ljVjlTMjcycFFoWjlObm9wSlVReWxTMkJBYVM1V0dtdjM0NXJ5VUJJWFQwTXo5SkZtRmxBeTRKM3NaOGkwYUFobGhwSG5iVHZFcE93Yk1MLWxIN2VfNDJqczRxN29HcGNGY2xoWjNxVHNrc0RLQ0diZjc2dWx4bk9jT0N2S3gtVi0td1hpVE9BbHZTREJNc3E4QWFmNngxZmNGS2k2RnBoYjJQM2pOSzZTNVNvNS1nSDN6ckI2c01wNHdMSVd3?oc=5\" target=\"_blank\" rel=\"nofollow noopener\">Cyclisme &#8211; Tour Cycliste F\u00e9minin International de l\u2019Ard\u00e8che 2025 &#8211; Louis Jeannin, pr\u00e9sident du TCFIA : \u00ab\u00a0Merci Pauline Ferrand-Pr\u00e9vot<\/a>&nbsp;&nbsp;Orange Actualit\u00e9s | Sports<\/li>\n<li><a href=\"https:\/\/news.google.com\/rss\/articles\/CBMi4wFBVV95cUxPQUVWd1VvelNXZjFZRm9ocEJXanBOZlpnWEtBQVJaMjc2YzloNmJxbGEtdjJ3NDdDZy1VWDBXTDZpVXpNM1ZUT3hTdVByUlBKR2k4ZE1fRHVXWmVLektnOGVyUzRpOVRycndUbDBTMTF3clg3Q0Q1QWd6d3liUDVRSmJCanpxUmZrVmZIZnV3TXdpLWdjbWZXeWtTbnZPNVUwMUJmdGJXODNXWkhDOVpRdlY2Tmx1UUwxM3hVYUkzR0JzaW5VNy1VaWczMWc0WldWTHV0Q2NpNnVmWUlfWldETW5DOA?oc=5\" target=\"_blank\" rel=\"nofollow noopener\">\u00ab Une \u00e9tape prestigieuse \u00bb : les coureuses du TCFIA s&rsquo;affronteront en contre la montre autour de Vals-les-Bains<\/a>&nbsp;&nbsp;Le Dauphin\u00e9 Lib\u00e9r\u00e9<\/li>\n<\/ol>\n","protected":false},"excerpt":{"rendered":"Pauline Ferrand-Pr\u00e9v\u00f4t ne s&rsquo;alignera finalement pas au Tour de l&rsquo;Ard\u00e8che&nbsp;&nbsp;L&rsquo;\u00c9quipe Finalement pr\u00e9sente aux Mondiaux, Ferrand-Pr\u00e9v\u00f4t renonce au Tour&hellip;\n","protected":false},"author":2,"featured_media":365748,"comment_status":"","ping_status":"","sticky":false,"template":"","format":"standard","meta":{"footnotes":""},"categories":[1411],"tags":[1154,207,1011,27,60],"class_list":{"0":"post-365747","1":"post","2":"type-post","3":"status-publish","4":"format-standard","5":"has-post-thumbnail","7":"category-cyclisme","8":"tag-cycling","9":"tag-cyclisme","10":"tag-fr","11":"tag-france","12":"tag-sports"},"share_on_mastodon":{"url":"https:\/\/pubeurope.com\/@fr\/115146235797222463","error":""},"_links":{"self":[{"href":"https:\/\/www.europesays.com\/fr\/wp-json\/wp\/v2\/posts\/365747","targetHints":{"allow":["GET"]}}],"collection":[{"href":"https:\/\/www.europesays.com\/fr\/wp-json\/wp\/v2\/posts"}],"about":[{"href":"https:\/\/www.europesays.com\/fr\/wp-json\/wp\/v2\/types\/post"}],"author":[{"embeddable":true,"href":"https:\/\/www.europesays.com\/fr\/wp-json\/wp\/v2\/users\/2"}],"replies":[{"embeddable":true,"href":"https:\/\/www.europesays.com\/fr\/wp-json\/wp\/v2\/comments?post=365747"}],"version-history":[{"count":0,"href":"https:\/\/www.europesays.com\/fr\/wp-json\/wp\/v2\/posts\/365747\/revisions"}],"wp:featuredmedia":[{"embeddable":true,"href":"https:\/\/www.europesays.com\/fr\/wp-json\/wp\/v2\/media\/365748"}],"wp:attachment":[{"href":"https:\/\/www.europesays.com\/fr\/wp-json\/wp\/v2\/media?parent=365747"}],"wp:term":[{"taxonomy":"category","embeddable":true,"href":"https:\/\/www.europesays.com\/fr\/wp-json\/wp\/v2\/categories?post=365747"},{"taxonomy":"post_tag","embeddable":true,"href":"https:\/\/www.europesays.com\/fr\/wp-json\/wp\/v2\/tags?post=365747"}],"curies":[{"name":"wp","href":"https:\/\/api.w.org\/{rel}","templated":true}]}}