{"id":365749,"date":"2025-09-04T13:21:11","date_gmt":"2025-09-04T13:21:11","guid":{"rendered":"https:\/\/www.europesays.com\/fr\/365749\/"},"modified":"2025-09-04T13:21:11","modified_gmt":"2025-09-04T13:21:11","slug":"la-date-de-metz-om-est-calee","status":"publish","type":"post","link":"https:\/\/www.europesays.com\/fr\/365749\/","title":{"rendered":"La date de Metz-OM est cal\u00e9e"},"content":{"rendered":"<p><strong><\/p>\n<p>On conna\u00eet d\u00e9sormais l\u2019int\u00e9gralit\u00e9 de la programmation TV de la 7e journ\u00e9e de Ligue 1.<\/p>\n<p><\/strong><\/p>\n<p>Apr\u00e8s l\u2019officialisation de <a href=\"https:\/\/www.footmarseille.com\/129060-la-date-de-strasbourg-om-connue\" rel=\"nofollow noopener\" target=\"_blank\">la date de la rencontre Strasbourg-OM<\/a>, comptant pour la 6e journ\u00e9e de Ligue 1, l\u2019OM est \u00e9galement fix\u00e9 sur le d\u00e9placement programm\u00e9 la semaine suivante <strong>au stade Saint-Symphorien.<\/strong><\/p>\n<p>Le club olympien ira d\u00e9fier le FC Metz le samedi 4 octobre. <strong>La rencontre qui d\u00e9butera \u00e0 17h00 sera diffus\u00e9e sur beIN Sports. <\/strong><\/p>\n<p>Avant ce match en Lorraine, les joueurs de Roberto De Zerbi affronteront le FC Lorient, le PSG et Strasbourg en Ligue 1 mais aussi <strong>le Real Madrid et l\u2019Ajax Amsterdam<\/strong> en Ligue des Champions.<\/p>\n","protected":false},"excerpt":{"rendered":"On conna\u00eet d\u00e9sormais l\u2019int\u00e9gralit\u00e9 de la programmation TV de la 7e journ\u00e9e de Ligue 1. Apr\u00e8s l\u2019officialisation de&hellip;\n","protected":false},"author":2,"featured_media":309824,"comment_status":"","ping_status":"","sticky":false,"template":"","format":"standard","meta":{"footnotes":""},"categories":[1410],"tags":[63,1011,27,60],"class_list":{"0":"post-365749","1":"post","2":"type-post","3":"status-publish","4":"format-standard","5":"has-post-thumbnail","7":"category-football","8":"tag-football","9":"tag-fr","10":"tag-france","11":"tag-sports"},"share_on_mastodon":{"url":"https:\/\/pubeurope.com\/@fr\/115146239811350137","error":""},"_links":{"self":[{"href":"https:\/\/www.europesays.com\/fr\/wp-json\/wp\/v2\/posts\/365749","targetHints":{"allow":["GET"]}}],"collection":[{"href":"https:\/\/www.europesays.com\/fr\/wp-json\/wp\/v2\/posts"}],"about":[{"href":"https:\/\/www.europesays.com\/fr\/wp-json\/wp\/v2\/types\/post"}],"author":[{"embeddable":true,"href":"https:\/\/www.europesays.com\/fr\/wp-json\/wp\/v2\/users\/2"}],"replies":[{"embeddable":true,"href":"https:\/\/www.europesays.com\/fr\/wp-json\/wp\/v2\/comments?post=365749"}],"version-history":[{"count":0,"href":"https:\/\/www.europesays.com\/fr\/wp-json\/wp\/v2\/posts\/365749\/revisions"}],"wp:featuredmedia":[{"embeddable":true,"href":"https:\/\/www.europesays.com\/fr\/wp-json\/wp\/v2\/media\/309824"}],"wp:attachment":[{"href":"https:\/\/www.europesays.com\/fr\/wp-json\/wp\/v2\/media?parent=365749"}],"wp:term":[{"taxonomy":"category","embeddable":true,"href":"https:\/\/www.europesays.com\/fr\/wp-json\/wp\/v2\/categories?post=365749"},{"taxonomy":"post_tag","embeddable":true,"href":"https:\/\/www.europesays.com\/fr\/wp-json\/wp\/v2\/tags?post=365749"}],"curies":[{"name":"wp","href":"https:\/\/api.w.org\/{rel}","templated":true}]}}