{"id":365750,"date":"2025-09-04T13:22:10","date_gmt":"2025-09-04T13:22:10","guid":{"rendered":"https:\/\/www.europesays.com\/fr\/365750\/"},"modified":"2025-09-04T13:22:10","modified_gmt":"2025-09-04T13:22:10","slug":"raphael-glucksmann-reagit-aux-debuts-de-lea-salame-au-20-heures-de-france-2","status":"publish","type":"post","link":"https:\/\/www.europesays.com\/fr\/365750\/","title":{"rendered":"Rapha\u00ebl Glucksmann r\u00e9agit aux d\u00e9buts de L\u00e9a Salam\u00e9 au \u00ab20 Heures\u00bb de France 2"},"content":{"rendered":"<p>    Rapha\u00ebl Glucksmann dans le \u00ab8h30\u00bb sur Franceinfo<br \/>\n                Capture d&rsquo;\u00e9cran<\/p>\n<p><strong>VID\u00c9O &#8211; <\/strong>Ce jeudi 4 septembre, le d\u00e9put\u00e9 europ\u00e9en \u00e9tait l\u2019invit\u00e9 de Franceinfo. L\u2019occasion pour lui de s\u2019exprimer sur la r\u00e9cente promotion de sa compagne et m\u00e8re de leur enfant.<\/p>\n<p class=\"fig-paragraph\">Sera-t-il candidat \u00e0 la pr\u00e9sidentielle en 2027\u00a0? C\u2019est principalement pour r\u00e9pondre \u00e0 cette question que\u00a0<a href=\"https:\/\/www.lefigaro.fr\/tag\/raphael-glucksmann\" target=\"_blank\" rel=\"noopener nofollow\" data-gtm-custom-categorie=\"navigation\" data-gtm-custom-action=\"crossclick\" data-gtm-custom-label=\"Contextuel\" data-gtm-event=\"customEventSPE\"><strong>Rapha\u00ebl Glucksmann<\/strong><\/a> \u00a0\u00e9tait l\u2019invit\u00e9 d\u2019<a href=\"https:\/\/www.lefigaro.fr\/tag\/agathe-lambret\" target=\"_blank\" rel=\"noopener nofollow\" data-gtm-custom-categorie=\"navigation\" data-gtm-custom-action=\"crossclick\" data-gtm-custom-label=\"Contextuel\" data-gtm-event=\"customEventSPE\">Agathe Lambret<\/a>\u00a0et de Paul Larrouturou dans le \u00ab8h30\u00bb de Franceinfo. Pourtant, la pr\u00e9sentatrice n\u2019a pas h\u00e9sit\u00e9 \u00e0 interroger l\u2019homme politique sur un tout autre sujet.<\/p>\n<p class=\"fig-paragraph\">\u00abAvant de terminer, c\u2019est le moment de la \u201cQuestion qui\u00a0?\u201d. Une question qui sera reprise, notamment sur les r\u00e9seaux sociaux. Aujourd\u2019hui, la question que vous auriez pr\u00e9f\u00e9r\u00e9 \u00e9viter sans doute\u00a0: est-ce que vous avez regard\u00e9 votre compagne,\u00a0<a href=\"https:\/\/www.lefigaro.fr\/tag\/lea-salame\" target=\"_blank\" rel=\"noopener nofollow\" data-gtm-custom-categorie=\"navigation\" data-gtm-custom-action=\"crossclick\" data-gtm-custom-label=\"Contextuel\" data-gtm-event=\"customEventSPE\"><strong>L\u00e9a Salam\u00e9<\/strong> <\/a>, au \u201c20 Heures\u201d, et qu\u2019est-ce que vous en avez pens\u00e9\u00a0?\u00bb, a demand\u00e9 la journaliste.<\/p>\n<p>                                    <a class=\"fig-a11y-skip a11y-hidden\" href=\"#fig-a11y-skip-main-inarticle\"><br \/>\n        Passer la publicit\u00e9<br \/>\n    <\/a><\/p>\n<p class=\"fig-paragraph\">\u00abEffectivement, c\u2019est la \u201cquestion qui\u00a0?\u201d\u00bb, a d\u2019abord r\u00e9agi le d\u00e9put\u00e9 europ\u00e9en, un peu d\u00e9stabilis\u00e9. \u00abJe vais vous parler de mani\u00e8re tr\u00e8s honn\u00eate\u00a0: j\u2019ai \u00e9t\u00e9 extr\u00eamement fier. J\u2019ai trouv\u00e9 que c\u2019\u00e9tait un moment incroyable pour elle. C\u2019est ma fiert\u00e9 pour elle et ce qu\u2019elle repr\u00e9sente, pour ce \u00e0 quoi elle aspire. Je suis heureux et fier de ce qu\u2019elle fait. On a toujours su \u00eatre compl\u00e8tement s\u00e9par\u00e9s dans nos carri\u00e8res\u00bb, a-t-il r\u00e9pondu.<\/p>\n<p class=\"fig-paragraph\">Ce \u00e0 quoi Paul Larrouturou est intervenu, interrogeant\u00a0: \u00abJustement, comment vous vous organiserez si vous \u00eates candidat \u00e0 l\u2019\u00e9lection pr\u00e9sidentielle\u00a0?\u00bb Une question \u00e0 laquelle le p\u00e8re de 45 ans avait d\u00e9j\u00e0 donn\u00e9 une r\u00e9ponse dans la presse. Il s\u2019est pourtant r\u00e9p\u00e9t\u00e9\u00a0: \u00abL\u00e0, effectivement, avec des \u201csi\u201d on met Paris en bouteille, \u00e7a poserait un probl\u00e8me. C\u2019est \u00e9vident que dans ce cas-l\u00e0, ce sera un probl\u00e8me et une incompatibilit\u00e9. Quand j\u2019ai fait une campagne aux \u00e9lections europ\u00e9ennes, elle s\u2019\u00e9tait, d\u2019elle-m\u00eame, retir\u00e9e (de l\u2019antenne de France Inter, NDLR). \u00c7a semble \u00e9vident\u00bb, a-t-il assur\u00e9.<\/p>\n<p class=\"fig-body-link\">\n            \u00c0 lire aussi<br \/>\n        <a class=\"fig-body-link__link\" href=\"http:\/\/tvmag.lefigaro.fr\/programme-tv\/actu-tele\/bien-sur-qu-on-aime-parler-politique-a-la-maison-lea-salame-evoque-sa-relation-avec-raphael-glucksmann-20240715\" target=\"_blank\" data-fig-type=\"Article\" rel=\"noopener nofollow\" data-gtm-custom-categorie=\"navigation\" data-gtm-custom-action=\"crossclick\" data-gtm-custom-label=\"Contextuel\" data-gtm-event=\"customEventSPE\" data-fig-domain=\"TVMAG\">\u00abBien s\u00fbr qu&rsquo;on aime parler politique \u00e0 la maison\u00bb\u00a0: L\u00e9a Salam\u00e9 \u00e9voque sa relation avec Rapha\u00ebl Glucksmann<br \/>\n    <\/a>\n<\/p>\n<p class=\"fig-paragraph\">Une d\u00e9claration \u00e0 laquelle Rapha\u00ebl Glucksmann a tenu \u00e0 apporter quelques pr\u00e9cisions. \u00abMaintenant, j\u2019aimerais vraiment dire une chose. On est en 2025. Une femme n\u2019a pas les opinions politiques de son mari. Je peux vous garantir, d\u2019ailleurs, que, en l\u2019occurrence, c\u2019est probablement tr\u00e8s vrai sur certains sujets. (&#8230;) C\u2019est un fait que je partage devant vous. En r\u00e8gle g\u00e9n\u00e9rale, je suis extr\u00eamement discret sur les affaires priv\u00e9es et je refuse d\u2019en parler. Mais vous me posez la question, donc je suis bien oblig\u00e9 d\u2019y r\u00e9pondre. Il n\u2019y aura pas de conflit d\u2019int\u00e9r\u00eats en cas de, mais ce qui est certain, c\u2019est qu\u2019elle \u00e9tait d\u00e9j\u00e0 une excellente journaliste avant qu\u2019on se rencontre et moi je suis tr\u00e8s fier d\u2019elle\u00bb, a-t-il conclu.<\/p>\n","protected":false},"excerpt":{"rendered":"Rapha\u00ebl Glucksmann dans le \u00ab8h30\u00bb sur Franceinfo Capture d&rsquo;\u00e9cran VID\u00c9O &#8211; Ce jeudi 4 septembre, le d\u00e9put\u00e9 europ\u00e9en&hellip;\n","protected":false},"author":2,"featured_media":365751,"comment_status":"","ping_status":"","sticky":false,"template":"","format":"standard","meta":{"footnotes":""},"categories":[1359],"tags":[58,59,1011,27,5419,3806,973,15923],"class_list":{"0":"post-365750","1":"post","2":"type-post","3":"status-publish","4":"format-standard","5":"has-post-thumbnail","7":"category-people","8":"tag-divertissement","9":"tag-entertainment","10":"tag-fr","11":"tag-france","12":"tag-journal-televise","13":"tag-lea-salame","14":"tag-people","15":"tag-raphael-glucksmann"},"share_on_mastodon":{"url":"https:\/\/pubeurope.com\/@fr\/115146243736247143","error":""},"_links":{"self":[{"href":"https:\/\/www.europesays.com\/fr\/wp-json\/wp\/v2\/posts\/365750","targetHints":{"allow":["GET"]}}],"collection":[{"href":"https:\/\/www.europesays.com\/fr\/wp-json\/wp\/v2\/posts"}],"about":[{"href":"https:\/\/www.europesays.com\/fr\/wp-json\/wp\/v2\/types\/post"}],"author":[{"embeddable":true,"href":"https:\/\/www.europesays.com\/fr\/wp-json\/wp\/v2\/users\/2"}],"replies":[{"embeddable":true,"href":"https:\/\/www.europesays.com\/fr\/wp-json\/wp\/v2\/comments?post=365750"}],"version-history":[{"count":0,"href":"https:\/\/www.europesays.com\/fr\/wp-json\/wp\/v2\/posts\/365750\/revisions"}],"wp:featuredmedia":[{"embeddable":true,"href":"https:\/\/www.europesays.com\/fr\/wp-json\/wp\/v2\/media\/365751"}],"wp:attachment":[{"href":"https:\/\/www.europesays.com\/fr\/wp-json\/wp\/v2\/media?parent=365750"}],"wp:term":[{"taxonomy":"category","embeddable":true,"href":"https:\/\/www.europesays.com\/fr\/wp-json\/wp\/v2\/categories?post=365750"},{"taxonomy":"post_tag","embeddable":true,"href":"https:\/\/www.europesays.com\/fr\/wp-json\/wp\/v2\/tags?post=365750"}],"curies":[{"name":"wp","href":"https:\/\/api.w.org\/{rel}","templated":true}]}}