{"id":365754,"date":"2025-09-04T13:24:11","date_gmt":"2025-09-04T13:24:11","guid":{"rendered":"https:\/\/www.europesays.com\/fr\/365754\/"},"modified":"2025-09-04T13:24:11","modified_gmt":"2025-09-04T13:24:11","slug":"tous-des-menteurs-la-verite-face-au-pouvoir-de-limaginaire-le-suricate","status":"publish","type":"post","link":"https:\/\/www.europesays.com\/fr\/365754\/","title":{"rendered":"Tous des menteurs, la v\u00e9rit\u00e9 face au pouvoir de l\u2019imaginaire \u2022 Le Suricate"},"content":{"rendered":"<p><a href=\"https:\/\/www.alice-editions.be\/catalogue\/tous-des-menteurs\/\" rel=\"nofollow noopener\" target=\"_blank\"><img fetchpriority=\"high\" decoding=\"async\" width=\"1024\" height=\"1024\" src=\"https:\/\/www.europesays.com\/fr\/wp-content\/uploads\/2025\/09\/Tous-des-menteurs-couv-1024x1024.jpg\" alt=\"Couverture du livre pour enfants \u00ab Tous des menteurs \u00bb (Alice \u00e9ditions, 2025)\" class=\"wp-image-87543 size-full\"  \/><\/a><\/p>\n<p class=\"has-text-align-right\">Titre : <strong>Tous des menteurs<\/strong><br \/>Texte : <strong>Rapha\u00eble Frier<\/strong><br \/>Dessin : <strong>St\u00e9phanie Marchal<\/strong><br \/>\u00c9diteur :<strong> <a href=\"https:\/\/www.alice-editions.be\/catalogue\/tous-des-menteurs\/\" rel=\"nofollow noopener\" target=\"_blank\">Alice \u00e9ditions<\/a><\/strong><br \/>Date de parution : <strong>28 ao\u00fbt 2025<\/strong><br \/>Genre : <strong>Petite enfance, Album jeunesse<\/strong><\/p>\n<p><strong>Tous des menteurs <\/strong><strong>est un album jeunesse bien sympathique qui explore la fronti\u00e8re entre le mensonge et l\u2019imaginaire. Destin\u00e9 aux enfants d\u00e8s 3 ans, il met en sc\u00e8ne une petite fille qui en a marre qu\u2019on lui raconte des sornettes. Avaler du vent, manger une girafe, soulever une montagne\u00a0: rien de tout cela n\u2019est possible dans la vraie vie. Et pourtant\u2026<\/strong><\/p>\n<p>Avec son grand format carr\u00e9, Tous des menteurs est un album magnifiquement illustr\u00e9 par St\u00e9phanie Marchal. M\u00ealant des personnages dessin\u00e9s au crayon graphite \u00e0 des aplats de couleurs vives sans contours, l\u2019illustratrice utilise des proportions d\u00e9mesur\u00e9es et des petits d\u00e9tails fantaisistes (comme la queue d\u2019animal du ma\u00eetre d\u2019\u00e9cole) pour c\u00e9l\u00e9brer l\u2019imaginaire des enfants.<\/p>\n<p>Car derri\u00e8re chaque petit \u00ab\u00a0mensonge\u00a0\u00bb illustr\u00e9 en double page, c\u2019est bien le pouvoir de l\u2019imaginaire qui transpara\u00eet. Est-il vraiment impossible d\u2019avaler le vent\u00a0? Les adultes ont-ils vraiment toujours raison\u00a0? En plus d\u2019amuser les petits lecteurs avec des questionnements qui font \u00e9cho aux leurs, Tous des menteurs les invite \u00e0 porter un regard critique sur les affirmations des autres tout en reconnaissant que chacun a le droit de prendre certaines libert\u00e9s avec la r\u00e9alit\u00e9\u2026 par exemple quand il s\u2019agit de se rassurer en laissant une petite offrande \u00ab\u00a0pour les monstres\u00a0\u00bb avant d\u2019aller se coucher.<\/p>\n","protected":false},"excerpt":{"rendered":"Titre : Tous des menteursTexte : Rapha\u00eble FrierDessin : St\u00e9phanie Marchal\u00c9diteur : Alice \u00e9ditionsDate de parution : 28&hellip;\n","protected":false},"author":2,"featured_media":365755,"comment_status":"","ping_status":"","sticky":false,"template":"","format":"standard","meta":{"footnotes":""},"categories":[1357],"tags":[1379,58,59,1011,27,1380],"class_list":{"0":"post-365754","1":"post","2":"type-post","3":"status-publish","4":"format-standard","5":"has-post-thumbnail","7":"category-livres","8":"tag-books","9":"tag-divertissement","10":"tag-entertainment","11":"tag-fr","12":"tag-france","13":"tag-livres"},"share_on_mastodon":{"url":"https:\/\/pubeurope.com\/@fr\/115146251576197273","error":""},"_links":{"self":[{"href":"https:\/\/www.europesays.com\/fr\/wp-json\/wp\/v2\/posts\/365754","targetHints":{"allow":["GET"]}}],"collection":[{"href":"https:\/\/www.europesays.com\/fr\/wp-json\/wp\/v2\/posts"}],"about":[{"href":"https:\/\/www.europesays.com\/fr\/wp-json\/wp\/v2\/types\/post"}],"author":[{"embeddable":true,"href":"https:\/\/www.europesays.com\/fr\/wp-json\/wp\/v2\/users\/2"}],"replies":[{"embeddable":true,"href":"https:\/\/www.europesays.com\/fr\/wp-json\/wp\/v2\/comments?post=365754"}],"version-history":[{"count":0,"href":"https:\/\/www.europesays.com\/fr\/wp-json\/wp\/v2\/posts\/365754\/revisions"}],"wp:featuredmedia":[{"embeddable":true,"href":"https:\/\/www.europesays.com\/fr\/wp-json\/wp\/v2\/media\/365755"}],"wp:attachment":[{"href":"https:\/\/www.europesays.com\/fr\/wp-json\/wp\/v2\/media?parent=365754"}],"wp:term":[{"taxonomy":"category","embeddable":true,"href":"https:\/\/www.europesays.com\/fr\/wp-json\/wp\/v2\/categories?post=365754"},{"taxonomy":"post_tag","embeddable":true,"href":"https:\/\/www.europesays.com\/fr\/wp-json\/wp\/v2\/tags?post=365754"}],"curies":[{"name":"wp","href":"https:\/\/api.w.org\/{rel}","templated":true}]}}