{"id":365756,"date":"2025-09-04T13:25:28","date_gmt":"2025-09-04T13:25:28","guid":{"rendered":"https:\/\/www.europesays.com\/fr\/365756\/"},"modified":"2025-09-04T13:25:28","modified_gmt":"2025-09-04T13:25:28","slug":"saison-15-saint-vrain-cauchemar-en-cuisine","status":"publish","type":"post","link":"https:\/\/www.europesays.com\/fr\/365756\/","title":{"rendered":"Saison 15 &#8211; Saint-Vrain &#8211; Cauchemar en cuisine"},"content":{"rendered":"<p>            R\u00e9sum\u00e9 du programme<\/p>\n<p>\n                Direction Saint-Vrain pour Philippe Etchebest. Dans cette commune de l\u2019Essonne, le chef vient en aide \u00e0 Steve, qui a repris un restaurant il y a trois ans. Par manque de moyens et de personnel, le g\u00e9rant est aujourd\u2019hui seul aux commandes de son \u00e9tablissement, que ce soit en salle ou en cuisine. R\u00e9sultat : d\u00e9pass\u00e9 par les \u00e9v\u00e9nements, il a laiss\u00e9 la situation se d\u00e9grader tant au niveau de l\u2019hygi\u00e8ne que de l\u2019organisation alors qu\u2019il compte pourtant vingt ans d\u2019exp\u00e9rience professionnelle dans la restauration. Philippe Etchebest va employer les grands moyens pour le sortir de l\u2019impasse.\n            <\/p>\n","protected":false},"excerpt":{"rendered":"R\u00e9sum\u00e9 du programme Direction Saint-Vrain pour Philippe Etchebest. Dans cette commune de l\u2019Essonne, le chef vient en aide&hellip;\n","protected":false},"author":2,"featured_media":39176,"comment_status":"","ping_status":"","sticky":false,"template":"","format":"standard","meta":{"footnotes":""},"categories":[1356],"tags":[12208,10976,58,59,1011,27,494,5387,5240,252,50015,1364],"class_list":{"0":"post-365756","1":"post","2":"type-post","3":"status-publish","4":"format-standard","5":"has-post-thumbnail","7":"category-television","8":"tag-autre","9":"tag-cauchemar-en-cuisine","10":"tag-divertissement","11":"tag-entertainment","12":"tag-fr","13":"tag-france","14":"tag-m6","15":"tag-philippe-etchebest","16":"tag-programme","17":"tag-television","18":"tag-tu00e9lu00e9ru00e9alitu00e9","19":"tag-tv"},"share_on_mastodon":{"url":"https:\/\/pubeurope.com\/@fr\/115146255439046445","error":""},"_links":{"self":[{"href":"https:\/\/www.europesays.com\/fr\/wp-json\/wp\/v2\/posts\/365756","targetHints":{"allow":["GET"]}}],"collection":[{"href":"https:\/\/www.europesays.com\/fr\/wp-json\/wp\/v2\/posts"}],"about":[{"href":"https:\/\/www.europesays.com\/fr\/wp-json\/wp\/v2\/types\/post"}],"author":[{"embeddable":true,"href":"https:\/\/www.europesays.com\/fr\/wp-json\/wp\/v2\/users\/2"}],"replies":[{"embeddable":true,"href":"https:\/\/www.europesays.com\/fr\/wp-json\/wp\/v2\/comments?post=365756"}],"version-history":[{"count":0,"href":"https:\/\/www.europesays.com\/fr\/wp-json\/wp\/v2\/posts\/365756\/revisions"}],"wp:featuredmedia":[{"embeddable":true,"href":"https:\/\/www.europesays.com\/fr\/wp-json\/wp\/v2\/media\/39176"}],"wp:attachment":[{"href":"https:\/\/www.europesays.com\/fr\/wp-json\/wp\/v2\/media?parent=365756"}],"wp:term":[{"taxonomy":"category","embeddable":true,"href":"https:\/\/www.europesays.com\/fr\/wp-json\/wp\/v2\/categories?post=365756"},{"taxonomy":"post_tag","embeddable":true,"href":"https:\/\/www.europesays.com\/fr\/wp-json\/wp\/v2\/tags?post=365756"}],"curies":[{"name":"wp","href":"https:\/\/api.w.org\/{rel}","templated":true}]}}