{"id":365757,"date":"2025-09-04T13:26:16","date_gmt":"2025-09-04T13:26:16","guid":{"rendered":"https:\/\/www.europesays.com\/fr\/365757\/"},"modified":"2025-09-04T13:26:16","modified_gmt":"2025-09-04T13:26:16","slug":"clara-luciani-revele-son-complexe-elle-deteste-son-front-trop-petit","status":"publish","type":"post","link":"https:\/\/www.europesays.com\/fr\/365757\/","title":{"rendered":"Clara Luciani r\u00e9v\u00e8le son complexe: elle d\u00e9teste son front trop petit"},"content":{"rendered":"<p>Si elle cartonne dans la musique depuis ses d\u00e9buts, Clara Luciani n\u2019a pas pour autant une grande estime d&rsquo;elle-m\u00eame. Surtout au niveau du physique. Derri\u00e8re sa frange signature, qui lui donne un petit c\u00f4t\u00e9 r\u00e9tro collant bien \u00e0 son univers musical, se cache un \u00e9norme complexe: son front.<\/p>\n<p>Invit\u00e9e dans \u00abC \u00e0 vous\u00bb lundi sur France 5, la chanteuse de 35 ans a confi\u00e9 \u00e0 l\u2019animatrice Anne-Elisabeth Lemoine qu\u2019elle avait cette coiffure depuis toute petite, afin de cacher cette partie du visage qui la met si mal \u00e0 l\u2019aise. \u00abJe n\u2019aime pas du tout mon front. Il est tout petit, a-t-elle d\u00e9plor\u00e9. Je l\u2019ai mesur\u00e9, pour tout vous dire, il fait six centim\u00e8tres. J\u2019ai m\u00eame cherch\u00e9 si c\u2019\u00e9tait dans la moyenne ou pas. Bref, je n\u2019aime pas du tout mon front. Je me suis dit que j\u2019allais le cacher toute ma vie. Je m\u2019y suis faite.\u00bb<\/p>\n<p>En plus, l\u2019artiste, qui se trouve aussi trop grande, ne s\u2019est pas toujours sentie \u00e0 sa place lors de ses premiers concerts. \u00abJ\u2019\u00e9tais tellement mal \u00e0 l&rsquo;aise d&rsquo;\u00eatre sur sc\u00e8ne que ce qui me rassurait entre les chansons, c&rsquo;\u00e9tait de parler \u00e9norm\u00e9ment. Je faisais plein de blagues tr\u00e8s g\u00eanantes. Et je crois que \u00e7a a fini par devenir une signature, malgr\u00e9 moi.\u00bb<\/p>\n","protected":false},"excerpt":{"rendered":"Si elle cartonne dans la musique depuis ses d\u00e9buts, Clara Luciani n\u2019a pas pour autant une grande estime&hellip;\n","protected":false},"author":2,"featured_media":365758,"comment_status":"","ping_status":"","sticky":false,"template":"","format":"standard","meta":{"footnotes":""},"categories":[1355],"tags":[58,59,1011,27,1361,873],"class_list":{"0":"post-365757","1":"post","2":"type-post","3":"status-publish","4":"format-standard","5":"has-post-thumbnail","7":"category-musique","8":"tag-divertissement","9":"tag-entertainment","10":"tag-fr","11":"tag-france","12":"tag-music","13":"tag-musique"},"share_on_mastodon":{"url":"https:\/\/pubeurope.com\/@fr\/115146259542780430","error":""},"_links":{"self":[{"href":"https:\/\/www.europesays.com\/fr\/wp-json\/wp\/v2\/posts\/365757","targetHints":{"allow":["GET"]}}],"collection":[{"href":"https:\/\/www.europesays.com\/fr\/wp-json\/wp\/v2\/posts"}],"about":[{"href":"https:\/\/www.europesays.com\/fr\/wp-json\/wp\/v2\/types\/post"}],"author":[{"embeddable":true,"href":"https:\/\/www.europesays.com\/fr\/wp-json\/wp\/v2\/users\/2"}],"replies":[{"embeddable":true,"href":"https:\/\/www.europesays.com\/fr\/wp-json\/wp\/v2\/comments?post=365757"}],"version-history":[{"count":0,"href":"https:\/\/www.europesays.com\/fr\/wp-json\/wp\/v2\/posts\/365757\/revisions"}],"wp:featuredmedia":[{"embeddable":true,"href":"https:\/\/www.europesays.com\/fr\/wp-json\/wp\/v2\/media\/365758"}],"wp:attachment":[{"href":"https:\/\/www.europesays.com\/fr\/wp-json\/wp\/v2\/media?parent=365757"}],"wp:term":[{"taxonomy":"category","embeddable":true,"href":"https:\/\/www.europesays.com\/fr\/wp-json\/wp\/v2\/categories?post=365757"},{"taxonomy":"post_tag","embeddable":true,"href":"https:\/\/www.europesays.com\/fr\/wp-json\/wp\/v2\/tags?post=365757"}],"curies":[{"name":"wp","href":"https:\/\/api.w.org\/{rel}","templated":true}]}}