{"id":365759,"date":"2025-09-04T13:27:16","date_gmt":"2025-09-04T13:27:16","guid":{"rendered":"https:\/\/www.europesays.com\/fr\/365759\/"},"modified":"2025-09-04T13:27:16","modified_gmt":"2025-09-04T13:27:16","slug":"sortie-annulee-pour-le-nouveau-film-de-jordan-peele-et-le-monde-veut-savoir-pourquoi","status":"publish","type":"post","link":"https:\/\/www.europesays.com\/fr\/365759\/","title":{"rendered":"sortie \u00ab\u00a0annul\u00e9e\u00a0\u00bb pour le nouveau film de Jordan Peele, et le monde veut savoir pourquoi"},"content":{"rendered":"<p><strong>Tout le monde attend le prochain film de <a href=\"https:\/\/www.ecranlarge.com\/personnalite\/796393-jordan-peele\" data-type=\"people\" data-id=\"432535\" rel=\"nofollow noopener\" target=\"_blank\">Jordan Peele<\/a>\u2026 et risque de devoir l\u2019attendre encore longtemps, puisqu\u2019il vient de dispara\u00eetre du calendrier des sorties.<\/strong><\/p>\n<p>Apr\u00e8s avoir secou\u00e9 la plan\u00e8te cin\u00e9ma avec ses trois premiers films, les horrifiques <strong><a href=\"https:\/\/www.ecranlarge.com\/films\/967115-get-out\" data-type=\"films\" data-id=\"685486\" rel=\"nofollow noopener\" target=\"_blank\">Get Out<\/a><\/strong>, <strong><a href=\"https:\/\/www.ecranlarge.com\/films\/1021268-us\" data-type=\"films\" data-id=\"686988\" rel=\"nofollow noopener\" target=\"_blank\">Us<\/a><\/strong> et <strong><a href=\"https:\/\/www.ecranlarge.com\/films\/1388994-nope\" data-type=\"films\" data-id=\"691012\" rel=\"nofollow noopener\" target=\"_blank\">Nope<\/a><\/strong>, Jordan Peele s\u2019est assez largement concentr\u00e9 sur son r\u00f4le de producteur. On lui doit, par exemple, d\u2019avoir port\u00e9 des projets comme le <strong><a href=\"https:\/\/www.ecranlarge.com\/films\/1044882-candyman-reboot\" data-type=\"films\" data-id=\"687536\" rel=\"nofollow noopener\" target=\"_blank\">Candyman<\/a><\/strong> de <a href=\"https:\/\/www.ecranlarge.com\/personnalite\/1018857-nia-dacosta\" data-type=\"people\" data-id=\"481325\" rel=\"nofollow noopener\" target=\"_blank\">Nia DaCosta<\/a>, le <strong><a href=\"https:\/\/www.ecranlarge.com\/films\/1367459-wendell-wild\" data-type=\"films\" data-id=\"690409\" rel=\"nofollow noopener\" target=\"_blank\">Wendell et Wild<\/a><\/strong> d\u2019<a href=\"https:\/\/www.ecranlarge.com\/personnalite\/666168-henry-selick\" data-type=\"people\" data-id=\"317012\" rel=\"nofollow noopener\" target=\"_blank\">Henry Selick<\/a>, le <strong><a href=\"https:\/\/www.ecranlarge.com\/films\/1499414-monkey-man\" data-type=\"films\" data-id=\"807410\" rel=\"nofollow noopener\" target=\"_blank\">Monkey Man<\/a><\/strong> de <a href=\"https:\/\/www.ecranlarge.com\/personnalite\/711497-dev-patel\" data-type=\"people\" data-id=\"357827\" rel=\"nofollow noopener\" target=\"_blank\">Dev Patel<\/a> et le futur <strong><a href=\"https:\/\/www.ecranlarge.com\/films\/him\" data-type=\"films\" data-id=\"1305253\" rel=\"nofollow noopener\" target=\"_blank\">Him<\/a><\/strong> de <a href=\"https:\/\/www.ecranlarge.com\/personnalite\/984037-justin-tipping\" data-type=\"people\" data-id=\"476125\" rel=\"nofollow noopener\" target=\"_blank\">Justin Tipping<\/a>, attendu sur les \u00e9crans pour le 12 novembre 2025. Pourtant, <strong>il n\u2019en a pas d\u00e9laiss\u00e9 sa plume pour autant<\/strong>.<\/p>\n<p>                    <img decoding=\"async\" alt=\"\" class=\"wp-image-518375\" style=\"object-fit:cover;width:25px;height:25px\" src=\"https:\/\/www.ecranlarge.com\/content\/uploads\/2023\/09\/arrow-right-circle.svg\"\/><\/p>\n<p>Depuis la sortie de <strong>Nope <\/strong>en 2022, le r\u00e9alisateur a plusieurs fois parl\u00e9 d\u2019un myst\u00e9rieux projet, qu\u2019il d\u00e9clarait m\u00eame sur le plateau de Conan O\u2019Brien en 2024 \u00eatre possiblement <strong>son futur film pr\u00e9f\u00e9r\u00e9 dans sa propre carri\u00e8re<\/strong>. Depuis, ce long-m\u00e9trage dont le r\u00e9alisateur n\u2019avait r\u00e9v\u00e9l\u00e9 ni le titre ni l\u2019intrigue figurait sur le calendrier des sorties Universal \u00e0 octobre 2026, et les fans de Peele se pourl\u00e9chaient d\u00e9j\u00e0 les babines. <strong>Plot twist : le film vient d\u2019\u00eatre retir\u00e9 du calendrier sans aucune explication.<\/strong><\/p>\n<p><a href=\"https:\/\/www.ecranlarge.com\/content\/uploads\/2024\/10\/get-out.jpg\" rel=\"nofollow noopener\" target=\"_blank\"><\/p>\n<p><img loading=\"lazy\" decoding=\"async\" alt=\"\" src=\"https:\/\/www.europesays.com\/fr\/wp-content\/uploads\/2025\/09\/get-out-630x354.jpg\" width=\"630\" height=\"354\"  \/><\/p>\n<p><\/a>Les fans de Peele en ouvrant le nouveau calendrier UniversalPeele au mauvais moment<\/p>\n<p>Ce film-myst\u00e8re joue d\u00e9cid\u00e9ment de malchance. En 2023, son \u00e9criture avait \u00e9t\u00e9 mise en pause durant la gr\u00e8ve des sc\u00e9naristes, <strong>repoussant d\u00e9j\u00e0 sa sortie,<\/strong> initialement estim\u00e9e \u00e0 No\u00ebl 2024, jusqu\u2019en 2026. Pourtant, quatre ans apr\u00e8s la sortie de <strong>Nope<\/strong>, \u00e7a semble \u00eatre encore trop t\u00f4t pour esp\u00e9rer d\u00e9couvrir le prochain Jordan Peele, puisque, comme l\u2019a remarqu\u00e9 The Wrap,<strong> le projet a tout simplement disparu des films annonc\u00e9s sur le site officiel d\u2019Universal<\/strong>.<\/p>\n<p>                    <img decoding=\"async\" alt=\"\" class=\"wp-image-518375\" style=\"object-fit:cover;width:25px;height:25px\" src=\"https:\/\/www.ecranlarge.com\/content\/uploads\/2023\/09\/arrow-right-circle.svg\"\/><\/p>\n<p>Qu\u2019est-ce \u00e0 dire ? La sortie du film est-elle \u201csimplement\u201d repouss\u00e9e \u00e0 une date ult\u00e9rieure et encore inconnue, ou est-ce tout le projet qui est finalement tomb\u00e9 \u00e0 l\u2019eau ? Dans les deux cas, les m\u00eames questions se posent : pourquoi ? <strong>Est-ce \u00e0 l\u2019initiative de Jordan Peele ou du studio ?<\/strong> La production a-t-elle besoin de davantage de temps pour r\u00e9unir de meilleurs moyens et compter sur de meilleures circonstances, ou y a-t-il <strong>de plus gros probl\u00e8mes cach\u00e9s sous ce brusque changement de calendrier ?<\/strong><\/p>\n<p><a href=\"https:\/\/www.ecranlarge.com\/content\/uploads\/2025\/09\/image-6.png\" rel=\"nofollow noopener\" target=\"_blank\"><\/p>\n<p><img loading=\"lazy\" decoding=\"async\" alt=\"Nope\" src=\"https:\/\/www.europesays.com\/fr\/wp-content\/uploads\/2025\/09\/image-6-1260x709.png\" width=\"1260\" height=\"709\"  \/><\/p>\n<p><\/a>Le myst\u00e9rieux film pourra-t-il faire mieux que cette s\u00e9quence ?<\/p>\n<p>Car retirer sans aucune communication le quatri\u00e8me et tr\u00e8s attendu film de Jordan Peele, qui s\u2019est plu, depuis plusieurs ann\u00e9es, \u00e0 entretenir<strong> un myst\u00e8re total autour de ce qu\u2019il esp\u00e8re \u00eatre son grand \u0153uvre<\/strong>, c\u2019est tout de m\u00eame inqui\u00e9tant. Les amateurs de son cin\u00e9ma devront prendre leur mal en patience et prier pour qu\u2019il s\u2019agisse d\u2019un simple d\u00e9lai plut\u00f4t que d\u2019un probl\u00e8me plus d\u00e9finitif.<\/p>\n<p>Mais Jordan Peele n\u2019a pas, pour autant, l\u2019occasion de se tourner les pouces. <strong>Him<\/strong>, le film d\u2019horreur qui se passe dans le milieu du football am\u00e9ricain, r\u00e9alis\u00e9 par Justin Tipping et produit par Peele via sa soci\u00e9t\u00e9 Monkeypaw Productions, arrivera sur nos \u00e9crans<strong> le 12 novembre 2025<\/strong>. C\u2019est toujours \u00e7a de pris pour se consoler.<\/p>\n","protected":false},"excerpt":{"rendered":"Tout le monde attend le prochain film de Jordan Peele\u2026 et risque de devoir l\u2019attendre encore longtemps, puisqu\u2019il&hellip;\n","protected":false},"author":2,"featured_media":365760,"comment_status":"","ping_status":"","sticky":false,"template":"","format":"standard","meta":{"footnotes":""},"categories":[1354],"tags":[58,59,1346,1011,27,1360],"class_list":{"0":"post-365759","1":"post","2":"type-post","3":"status-publish","4":"format-standard","5":"has-post-thumbnail","7":"category-films","8":"tag-divertissement","9":"tag-entertainment","10":"tag-films","11":"tag-fr","12":"tag-france","13":"tag-movies"},"share_on_mastodon":{"url":"https:\/\/pubeurope.com\/@fr\/115146263466062933","error":""},"_links":{"self":[{"href":"https:\/\/www.europesays.com\/fr\/wp-json\/wp\/v2\/posts\/365759","targetHints":{"allow":["GET"]}}],"collection":[{"href":"https:\/\/www.europesays.com\/fr\/wp-json\/wp\/v2\/posts"}],"about":[{"href":"https:\/\/www.europesays.com\/fr\/wp-json\/wp\/v2\/types\/post"}],"author":[{"embeddable":true,"href":"https:\/\/www.europesays.com\/fr\/wp-json\/wp\/v2\/users\/2"}],"replies":[{"embeddable":true,"href":"https:\/\/www.europesays.com\/fr\/wp-json\/wp\/v2\/comments?post=365759"}],"version-history":[{"count":0,"href":"https:\/\/www.europesays.com\/fr\/wp-json\/wp\/v2\/posts\/365759\/revisions"}],"wp:featuredmedia":[{"embeddable":true,"href":"https:\/\/www.europesays.com\/fr\/wp-json\/wp\/v2\/media\/365760"}],"wp:attachment":[{"href":"https:\/\/www.europesays.com\/fr\/wp-json\/wp\/v2\/media?parent=365759"}],"wp:term":[{"taxonomy":"category","embeddable":true,"href":"https:\/\/www.europesays.com\/fr\/wp-json\/wp\/v2\/categories?post=365759"},{"taxonomy":"post_tag","embeddable":true,"href":"https:\/\/www.europesays.com\/fr\/wp-json\/wp\/v2\/tags?post=365759"}],"curies":[{"name":"wp","href":"https:\/\/api.w.org\/{rel}","templated":true}]}}