{"id":36576,"date":"2025-04-19T13:20:30","date_gmt":"2025-04-19T13:20:30","guid":{"rendered":"https:\/\/www.europesays.com\/fr\/36576\/"},"modified":"2025-04-19T13:20:30","modified_gmt":"2025-04-19T13:20:30","slug":"du-swing-et-de-la-pop-pres-de-rennes-les-eleves-de-lecole-de-musique-de-la-flume","status":"publish","type":"post","link":"https:\/\/www.europesays.com\/fr\/36576\/","title":{"rendered":"\u00ab\u00a0Du swing et de la pop\u00a0\u00bb\u00a0: Pr\u00e8s de Rennes, les \u00e9l\u00e8ves de l\u2019\u00e9cole de musique de La Flume"},"content":{"rendered":"<p>Le Big band de l\u2019\u00e9cole de musique de la Flume est de retour pour un nouveau concert ce jeudi, \u00e0 <a href=\"https:\/\/rennes.maville.com\/bretagne\/ille-et-vilaine\/chavagne\/\" target=\"_blank\" rel=\"noopener\">Chavagne<\/a> (<a href=\"https:\/\/www.ouest-france.fr\/bretagne\/ille-et-vilaine\/\" target=\"_blank\" rel=\"noopener\">Ille-et-Vilaine<\/a>). Briag Soury qui dirige l\u2019ensemble, pr\u00e9sente l\u2019\u00e9v\u00e9nement et les actions de l\u2019\u00e9tablissement.<\/p>\n<p><strong> <strong>\u00c0 quoi s\u2019attendre pour cette repr\u00e9sentation \u00e0 Chavagne\u00a0?<\/strong> <\/strong><\/p>\n<p>Ce concert permettra de restituer le travail de l\u2019ann\u00e9e. Le Big band de l\u2019\u00e9cole de musique se compose de vingt\u00a0musiciens et eux\u00a0chanteuses. Il proposera un r\u00e9pertoire swing et pop tr\u00e8s vari\u00e9. Vous entendrez en autre Feeling good, Wonderwall du groupe Oasis, ou encore des musiques uniquement instrumentales, comme Shofukand, de Snarky Puppy.<\/p>\n<p><strong> <strong>Que propose l\u2019\u00e9cole de musique de la Flume\u00a0?<\/strong> <br \/><\/strong><\/p>\n<p>Elle compte environ 750\u00a0\u00e9l\u00e8ves et trente-huit\u00a0professeurs. Y sont dispens\u00e9s des cours d\u2019\u00e9veil musical pour les plus jeunes jusqu\u2019\u00e0 6\u00a0ans, et des cours instrumentaux \u00e0 partir de 7\u00a0ans, mais aussi pour les adultes, avec ou sans formation musicale.<br \/>Vingt-sept\u00a0instruments classiques (violon et le violoncelle, le piano, la fl\u00fbte traversi\u00e8re et la trompette), traditionnels (le diatonique et la fl\u00fbte irlandaise) ou de musique amplifi\u00e9e (guitare \u00e9lectrique, basse et batterie).<\/p>\n<p><strong>Lire aussi\u00a0:<\/strong> <a href=\"https:\/\/rennes.maville.com\/actu\/actudet_-au-rheu-l-ecole-de-musique-de-la-flume-rayonne-_7-6139275_actu.Htm\" target=\"_blank\" rel=\"noopener\">L\u2019\u00e9cole de musique de la Flume rayonne<\/a><\/p>\n<p>L\u2019\u00e9quipe propose l\u2019acc\u00e8s \u00e0 une quinzaine d\u2019orchestres et ensembles, de l\u2019orchestre d\u2019harmonie au Big band en passant par les groupes de musiques actuelles.<\/p>\n<p>O\u00f9 se d\u00e9roulent ces cours\u00a0?<\/p>\n<p>Cinq chorales s\u2019adressant \u00e0 diff\u00e9rents publics r\u00e9p\u00e8tent chaque semaine \u00e0 Mordelles, Le Rheu et L\u2019Hermitage et participent \u00e0 de nombreux projets. Parmi lesquels, des rencontres de ch\u0153urs, des journ\u00e9es \u00e0 l\u2019op\u00e9ra sont propos\u00e9es.<br \/>Les cours de musiques peuvent se d\u00e9rouler dans les sept\u00a0communes de l\u2019\u00e9cole de musique, mais les orchestres r\u00e9p\u00e8tent principalement au Rheu ou \u00e0 Mordelles, o\u00f9 les locaux sont adapt\u00e9s \u00e0 une pratique musicale de groupe.<\/p>\n<p><strong> <strong>Quelques mots sur les interventions en milieu petite enfance et scolaire\u00a0?<\/strong> <br \/><\/strong><\/p>\n<p>\u00c0 Chavagne, les musiciens intervenants, sp\u00e9cialis\u00e9s en interventions scolaires et en petite enfance, viennent chaque semaine dans les \u00e9coles \u00e9l\u00e9mentaires de La Croix-verte et Sainte-Anne, pour accompagner les classes dans leurs projets. Ils interviennent \u00e9galement r\u00e9guli\u00e8rement avec le Relais petite enfance et dans les cr\u00e8ches.<\/p>\n<p><strong>Vendredi 25\u00a0avril 2025,<\/strong> \u00e0 20\u00a0h, salle de l\u2019Entre-2-Rives, \u00e0 Chavagne (Ille-et-Vilaine). Entr\u00e9e libre.<\/p>\n<p>\u00a0<\/p>\n","protected":false},"excerpt":{"rendered":"Le Big band de l\u2019\u00e9cole de musique de la Flume est de retour pour un nouveau concert ce&hellip;\n","protected":false},"author":2,"featured_media":36577,"comment_status":"","ping_status":"","sticky":false,"template":"","format":"standard","meta":{"footnotes":""},"categories":[2821],"tags":[1111,11,829,1697,1122,1121,1777,674,11715,1011,27,873,12,10044,3762,584,25,11714],"class_list":{"0":"post-36576","1":"post","2":"type-post","3":"status-publish","4":"format-standard","5":"has-post-thumbnail","7":"category-rennes","8":"tag-actu","9":"tag-actualites","10":"tag-bretagne","11":"tag-concert","12":"tag-ecole","13":"tag-eleves","14":"tag-eu","15":"tag-europe","16":"tag-flume","17":"tag-fr","18":"tag-france","19":"tag-musique","20":"tag-news","21":"tag-pop","22":"tag-pres","23":"tag-rennes","24":"tag-republique-francaise","25":"tag-swing"},"share_on_mastodon":{"url":"https:\/\/pubeurope.com\/@fr\/114364837105918481","error":""},"_links":{"self":[{"href":"https:\/\/www.europesays.com\/fr\/wp-json\/wp\/v2\/posts\/36576","targetHints":{"allow":["GET"]}}],"collection":[{"href":"https:\/\/www.europesays.com\/fr\/wp-json\/wp\/v2\/posts"}],"about":[{"href":"https:\/\/www.europesays.com\/fr\/wp-json\/wp\/v2\/types\/post"}],"author":[{"embeddable":true,"href":"https:\/\/www.europesays.com\/fr\/wp-json\/wp\/v2\/users\/2"}],"replies":[{"embeddable":true,"href":"https:\/\/www.europesays.com\/fr\/wp-json\/wp\/v2\/comments?post=36576"}],"version-history":[{"count":0,"href":"https:\/\/www.europesays.com\/fr\/wp-json\/wp\/v2\/posts\/36576\/revisions"}],"wp:featuredmedia":[{"embeddable":true,"href":"https:\/\/www.europesays.com\/fr\/wp-json\/wp\/v2\/media\/36577"}],"wp:attachment":[{"href":"https:\/\/www.europesays.com\/fr\/wp-json\/wp\/v2\/media?parent=36576"}],"wp:term":[{"taxonomy":"category","embeddable":true,"href":"https:\/\/www.europesays.com\/fr\/wp-json\/wp\/v2\/categories?post=36576"},{"taxonomy":"post_tag","embeddable":true,"href":"https:\/\/www.europesays.com\/fr\/wp-json\/wp\/v2\/tags?post=36576"}],"curies":[{"name":"wp","href":"https:\/\/api.w.org\/{rel}","templated":true}]}}