{"id":365764,"date":"2025-09-04T13:30:15","date_gmt":"2025-09-04T13:30:15","guid":{"rendered":"https:\/\/www.europesays.com\/fr\/365764\/"},"modified":"2025-09-04T13:30:15","modified_gmt":"2025-09-04T13:30:15","slug":"la-deconcertante-apparition-a-londres","status":"publish","type":"post","link":"https:\/\/www.europesays.com\/fr\/365764\/","title":{"rendered":"la d\u00e9concertante apparition \u00e0 Londres"},"content":{"rendered":"<p>                             Par L\u00e9a Mabilon<\/p>\n<p>                Le 4 septembre 2025 \u00e0 13h51<\/p>\n<p>    Le prince William et Kate Middleton \u00e0 Londres ce jeudi 4 septembre.<br \/>\n                Chris Jackson \/ Getty Images<\/p>\n<p>Le 4 septembre, lors d\u2019une visite au Mus\u00e9e d\u2019histoire naturelle de Londres, Kate Middleton a surpris en affichant une chevelure blond cendr\u00e9. Une transformation capillaire qui a fait r\u00e9agir les admirateurs de la princesse de Galles.<\/p>\n<p class=\"fig-paragraph\"><a href=\"http:\/\/madame.lefigaro.fr\/beaute\/quand-kate-middleton-se-moquait-du-debut-de-calvitie-du-prince-william-20250903\" data-fig-type=\"Article\" data-gtm-custom-categorie=\"navigation\" data-gtm-custom-action=\"crossclick\" data-gtm-custom-label=\"Contextuel\" data-gtm-event=\"customEventSPE\" data-fig-domain=\"MADAME\" rel=\"nofollow noopener\" target=\"_blank\">Kate Middleton<\/a>\u00a0a surpris les fans royaux ce jeudi 4 septembre, \u00e0 l\u2019occasion d\u2019une visite au Mus\u00e9e d\u2019histoire naturelle de Londres. En cette rentr\u00e9e, la princesse de Galles s\u2019est affich\u00e9e avec une chevelure qu\u2019on ne lui connaissait pas\u00a0: un blond cendr\u00e9. Aux c\u00f4t\u00e9s de son \u00e9poux,\u00a0<a href=\"http:\/\/madame.lefigaro.fr\/celebrites\/actu-people\/que-va-devenir-buckingham-palace-le-demenagement-du-prince-william-remet-en-question-le-destin-de-la-demeure-royale-20250821\" data-fig-type=\"Article\" data-gtm-custom-categorie=\"navigation\" data-gtm-custom-action=\"crossclick\" data-gtm-custom-label=\"Contextuel\" data-gtm-event=\"customEventSPE\" data-fig-domain=\"MADAME\" rel=\"nofollow noopener\" target=\"_blank\">le prince William,<\/a>\u00a0elle a \u00e9tonn\u00e9, pour ne pas dire d\u00e9concert\u00e9, tant cette coiffure tranche avec son brun naturel. Sur son bronzage estival, elle portait \u00e9galement un costume en tweed et une chemise blanche.<\/p>\n<p>Des inqui\u00e9tudes sur sa sant\u00e9<\/p>\n<p class=\"fig-paragraph\">Mais si de nombreux utilisateurs ont salu\u00e9 la beaut\u00e9 de la princesse, d\u2019autres se sont montr\u00e9s plus sceptiques face \u00e0 ce nouveau look. \u00abNon, je n\u2019aime pas ce nouveau style\u00bb, \u00abelle est bien mieux avec ses cheveux naturels\u00bb, \u00abses cheveux sont trop blonds et trop longs\u00bb, \u00abest-ce qu\u2019elle va bien\u00a0? Ses yeux semblent fatigu\u00e9s\u00bb. \u00abD\u00e9sol\u00e9e, mais c\u2019est une perruque\u00bb, a m\u00eame affirm\u00e9 une internaute, suscitant de nouvelles inqui\u00e9tudes quant \u00e0 son \u00e9tat de sant\u00e9.<\/p>\n<p>                                    <a class=\"fig-a11y-skip a11y-hidden\" href=\"#fig-a11y-skip-main-inarticle\"><br \/>\n        Passer la publicit\u00e9<br \/>\n    <\/a><\/p>\n<p class=\"fig-paragraph\">En effet, la m\u00e8re de George, Charlotte et Louis avait annonc\u00e9 \u00eatre atteinte d\u2019un cancer en mars 2024, se retirant pendant plusieurs mois de la vie publique avant d\u2019entamer une chimioth\u00e9rapie. Depuis l\u2019annonce de sa r\u00e9mission en janvier 2025, elle a cependant multipli\u00e9 les apparitions aux c\u00f4t\u00e9s des Windsor, rassurant les admirateurs de la Couronne. Jusqu\u2019\u00e0 aujourd\u2019hui.<\/p>\n","protected":false},"excerpt":{"rendered":"Par L\u00e9a Mabilon Le 4 septembre 2025 \u00e0 13h51 Le prince William et Kate Middleton \u00e0 Londres ce&hellip;\n","protected":false},"author":2,"featured_media":365765,"comment_status":"","ping_status":"","sticky":false,"template":"","format":"standard","meta":{"footnotes":""},"categories":[8],"tags":[970,58,59,1011,27,5858,971,18830],"class_list":{"0":"post-365764","1":"post","2":"type-post","3":"status-publish","4":"format-standard","5":"has-post-thumbnail","7":"category-divertissement","8":"tag-aristo-co","9":"tag-divertissement","10":"tag-entertainment","11":"tag-fr","12":"tag-france","13":"tag-kate-middleton","14":"tag-royaute","15":"tag-tendances"},"share_on_mastodon":{"url":"https:\/\/pubeurope.com\/@fr\/115146275157589721","error":""},"_links":{"self":[{"href":"https:\/\/www.europesays.com\/fr\/wp-json\/wp\/v2\/posts\/365764","targetHints":{"allow":["GET"]}}],"collection":[{"href":"https:\/\/www.europesays.com\/fr\/wp-json\/wp\/v2\/posts"}],"about":[{"href":"https:\/\/www.europesays.com\/fr\/wp-json\/wp\/v2\/types\/post"}],"author":[{"embeddable":true,"href":"https:\/\/www.europesays.com\/fr\/wp-json\/wp\/v2\/users\/2"}],"replies":[{"embeddable":true,"href":"https:\/\/www.europesays.com\/fr\/wp-json\/wp\/v2\/comments?post=365764"}],"version-history":[{"count":0,"href":"https:\/\/www.europesays.com\/fr\/wp-json\/wp\/v2\/posts\/365764\/revisions"}],"wp:featuredmedia":[{"embeddable":true,"href":"https:\/\/www.europesays.com\/fr\/wp-json\/wp\/v2\/media\/365765"}],"wp:attachment":[{"href":"https:\/\/www.europesays.com\/fr\/wp-json\/wp\/v2\/media?parent=365764"}],"wp:term":[{"taxonomy":"category","embeddable":true,"href":"https:\/\/www.europesays.com\/fr\/wp-json\/wp\/v2\/categories?post=365764"},{"taxonomy":"post_tag","embeddable":true,"href":"https:\/\/www.europesays.com\/fr\/wp-json\/wp\/v2\/tags?post=365764"}],"curies":[{"name":"wp","href":"https:\/\/api.w.org\/{rel}","templated":true}]}}