{"id":365770,"date":"2025-09-04T13:33:09","date_gmt":"2025-09-04T13:33:09","guid":{"rendered":"https:\/\/www.europesays.com\/fr\/365770\/"},"modified":"2025-09-04T13:33:09","modified_gmt":"2025-09-04T13:33:09","slug":"en-afghanistan-le-seisme-a-tue-plus-de-2-200-personnes-selon-un-nouveau-bilan","status":"publish","type":"post","link":"https:\/\/www.europesays.com\/fr\/365770\/","title":{"rendered":"En Afghanistan, le s\u00e9isme a tu\u00e9 plus de 2\u00a0200\u00a0personnes, selon un nouveau bilan"},"content":{"rendered":"\n<p class=\"article__paragraph article__paragraph--lf \">Le s\u00e9isme de magnitude 6 <a href=\"https:\/\/www.lemonde.fr\/international\/article\/2025\/09\/02\/en-afghanistan-le-seisme-a-fait-plus-de-1-400-morts-selon-un-nouveau-bilan-officiel-l-onu-alerte-sur-l-ampleur-de-la-catastrophe_6638425_3210.html\" rel=\"nofollow noopener\" target=\"_blank\">qui a frapp\u00e9 dimanche soir l\u2019Afghanistan<\/a> a fait plus de 2\u00a0200 morts, selon le bilan actualis\u00e9 jeudi 4\u00a0septembre par les autorit\u00e9s talibanes, ce qui fait de ce tremblement de terre le plus meurtrier de l\u2019histoire r\u00e9cente du pays.<\/p>\n<p class=\"article__paragraph article__paragraph--lf \">Dans les villages \u00e0 flanc de montagne de la province de Kunar, celle qui compte la quasi-totalit\u00e9 des morts et des pr\u00e8s de 4\u00a0000 bless\u00e9s, \u00e9boulements et glissements de terrain compliquent toujours l\u2019acc\u00e8s. Depuis quatre jours, des milliers de familles pauvres et d\u00e9sormais sans abri sous la pluie disent attendre les secouristes et les autorit\u00e9s cens\u00e9es organiser l\u2019apr\u00e8s-s\u00e9isme dans ces provinces orientales recul\u00e9es.<\/p>\n<p class=\"article__paragraph article__paragraph--lf \">L\u00e0, \u00e0 la lisi\u00e8re du Pakistan, la terre continue de trembler r\u00e9guli\u00e8rement, r\u00e9veillant les traumatismes d\u2019habitants qui tentent encore de compter leurs morts et esp\u00e8rent voir atterrir l\u2019un des h\u00e9licopt\u00e8res du minist\u00e8re de la d\u00e9fense pour envoyer les bless\u00e9s vers la grande ville de Jalalabad. \u00ab\u00a0Il nous faut des tentes, de l\u2019eau, de la nourriture et des m\u00e9dicaments en urgence\u00a0\u00bb, lance \u00e0 l\u2019Agence France-Presse (AFP) Zahir Khan Safi, agriculteur de 48\u00a0ans dans le village d\u00e9vast\u00e9 de Mazar Dara.<\/p>\n<p>                                  <img viewbox=\"0 0 664 443\"   width=\"664\" height=\"443\" alt=\"Des Afghans d\u00e9placent le corps d\u2019une fillette retrouv\u00e9e sous les d\u00e9combres, apr\u00e8s le s\u00e9isme de magnitude 6\u00a0qui a frapp\u00e9 l\u2019Afghanistan, dans la province de Kunar, le 2\u00a0septembre 2025.\"\/>    Des Afghans d\u00e9placent le corps d\u2019une fillette retrouv\u00e9e sous les d\u00e9combres, apr\u00e8s le s\u00e9isme de magnitude 6\u00a0qui a frapp\u00e9 l\u2019Afghanistan, dans la province de Kunar, le 2\u00a0septembre 2025.  NAVA JAMSHIDI\/AP                                          Lire aussi |  Article r\u00e9serv\u00e9 \u00e0 nos abonn\u00e9s  <a href=\"https:\/\/www.lemonde.fr\/planete\/article\/2025\/09\/02\/apres-le-seisme-en-afghanistan-le-manque-de-moyens-retarde-l-intervention-des-secours_6638087_3244.html\" class=\"js-article-read-also catcher--favoris__link\" data-premium=\"1\" id=\"article-title-3436274\" rel=\"nofollow noopener\" target=\"_blank\">Apr\u00e8s le s\u00e9isme en Afghanistan, le manque de moyens retarde l\u2019intervention des secours<\/a>    <\/p>\n<p>   Lire plus tard  <\/p>\n<p class=\"article__paragraph article__paragraph--lf \">Le tremblement de terre a d\u00e9truit 7\u00a0000 maisons dans les provinces de Kunar, de Laghman et de Nangarhar. Le bilan pourrait encore cro\u00eetre car \u00ab\u00a0des centaines de corps ont \u00e9t\u00e9 retrouv\u00e9s dans les maisons d\u00e9truites\u00a0\u00bb au cours d\u2019\u00ab\u00a0op\u00e9rations de recherche et de secours qui continuent\u00a0\u00bb, pr\u00e9vient Hamdullah Fitrat, porte-parole adjoint du gouvernement. Les chances de retrouver des survivants \u00ab\u00a0s\u2019amenuisent rapidement\u00a0\u00bb, estime l\u2019Organisation mondiale de la sant\u00e9, notant que \u00ab\u00a0des pluies ont encore aggrav\u00e9\u00a0\u00bb la situation.<\/p>\n<p>                                             Nouvel appel de fonds de l\u2019OMS                  <\/p>\n<p class=\"article__paragraph article__paragraph--lf \">Les autorit\u00e9s talibanes, d\u00e9j\u00e0 confront\u00e9es \u00e0 des s\u00e9ismes d\u00e9vastateurs en\u00a02022 et 2023, pr\u00e9viennent qu\u2019elles ne pourront pas faire face seules. Pour l\u2019Organisation des Nations unies (ONU) et les ONG, le s\u00e9isme, suivi de six fortes r\u00e9pliques, arrive \u00ab\u00a0au pire moment\u00a0\u00bb. Elles ont \u00e9t\u00e9 forc\u00e9es depuis le d\u00e9but de l\u2019ann\u00e9e de r\u00e9duire leur assistance aux Afghans en raison des coupes dans l\u2019aide internationale.<\/p>\n<p>                                  <img viewbox=\"0 0 664 443\"   width=\"664\" height=\"443\" alt=\"Des Afghans fuient la r\u00e9gion de Kunar apr\u00e8s le tremblement de terre, le 3\u00a0septembre 2025.\"\/>    Des Afghans fuient la r\u00e9gion de Kunar apr\u00e8s le tremblement de terre, le 3\u00a0septembre 2025.  AFP                                          Lire aussi |  Article r\u00e9serv\u00e9 \u00e0 nos abonn\u00e9s  <a href=\"https:\/\/www.lemonde.fr\/planete\/article\/2025\/09\/01\/en-afghanistan-ou-un-seisme-a-fait-au-moins-800-morts-la-crainte-de-nouvelles-repliques_6638010_3244.html\" class=\"js-article-read-also catcher--favoris__link\" data-premium=\"1\" id=\"article-title-3436174\" rel=\"nofollow noopener\" target=\"_blank\">En Afghanistan, o\u00f9 un s\u00e9isme a fait au moins 800\u00a0morts, la crainte de nouvelles r\u00e9pliques<\/a>    <\/p>\n<p>   Lire plus tard  <\/p>\n<p class=\"article__paragraph article__paragraph--lf \">L\u2019Organisation mondiale de la sant\u00e9 (OMS), qui a alert\u00e9 sur le risque d\u2019\u00e9pid\u00e9mies, a lanc\u00e9 un nouvel appel de fonds de 4\u00a0millions de dollars (3,4\u00a0millions d\u2019euros) pour r\u00e9pondre aux besoins \u00ab\u00a0immenses\u00a0\u00bb apr\u00e8s le s\u00e9isme, tandis que l\u2019ONU a d\u00e9j\u00e0 d\u00e9bloqu\u00e9 cinq millions de dollars.<\/p>\n<p class=\"article__paragraph article__paragraph--lf \">Dans l\u2019imm\u00e9diat, \u00ab\u00a0certains villages n\u2019ont toujours pas re\u00e7u d\u2019aide\u00a0\u00bb, rapporte \u00e0 l\u2019AFP Ijaz Ulhaq Yaad, un haut fonctionnaire du district de Nourgal \u00e0 Kounar. \u00ab\u00a0On a peur, il y a eu beaucoup de r\u00e9pliques\u00a0\u00bb, t\u00e9moigne Awrangzeeb Nouri, 35\u00a0ans, dans son village de Dara-i-Nur, dans la province de Nangarhar. \u00ab\u00a0On passe le jour et la nuit dans des champs, on a quitt\u00e9 nos maisons\u00a0\u00bb \u2013 qui, pour celles encore debout, menacent de s\u2019\u00e9crouler \u00e0 tout moment.<\/p>\n<p class=\"article__paragraph article__paragraph--lf \">\u00ab\u00a0Le tremblement de terre devrait \u00eatre un rappel brutal que l\u2019Afghanistan, confront\u00e9 \u00e0 une crise apr\u00e8s l\u2019autre, ne peut \u00eatre laiss\u00e9 seul\u00a0\u00bb, a d\u00e9clar\u00e9 le Conseil norv\u00e9gien pour les r\u00e9fugi\u00e9s, appelant les donateurs \u00e0 se mobiliser.<\/p>\n<p>                                  <img viewbox=\"0 0 664 443\"   width=\"664\" height=\"443\" alt=\"Des habitants bless\u00e9s lors du tremblement de terre, \u00e0 l\u2019h\u00f4pital r\u00e9gional de Nangarhar, \u00e0 Jalalabad, le 3\u00a0septembre\u00a02025.\"\/>    Des habitants bless\u00e9s lors du tremblement de terre, \u00e0 l\u2019h\u00f4pital r\u00e9gional de Nangarhar, \u00e0 Jalalabad, le 3\u00a0septembre\u00a02025.  SIDDIQULLAH ALIZAI\/AP                      <\/p>\n","protected":false},"excerpt":{"rendered":"Le s\u00e9isme de magnitude 6 qui a frapp\u00e9 dimanche soir l\u2019Afghanistan a fait plus de 2\u00a0200 morts, selon&hellip;\n","protected":false},"author":2,"featured_media":365771,"comment_status":"","ping_status":"","sticky":false,"template":"","format":"standard","meta":{"footnotes":""},"categories":[5],"tags":[11,1011,27,14,12,28],"class_list":{"0":"post-365770","1":"post","2":"type-post","3":"status-publish","4":"format-standard","5":"has-post-thumbnail","7":"category-international","8":"tag-actualites","9":"tag-fr","10":"tag-france","11":"tag-international","12":"tag-news","13":"tag-world"},"share_on_mastodon":{"url":"https:\/\/pubeurope.com\/@fr\/115146286949291159","error":""},"_links":{"self":[{"href":"https:\/\/www.europesays.com\/fr\/wp-json\/wp\/v2\/posts\/365770","targetHints":{"allow":["GET"]}}],"collection":[{"href":"https:\/\/www.europesays.com\/fr\/wp-json\/wp\/v2\/posts"}],"about":[{"href":"https:\/\/www.europesays.com\/fr\/wp-json\/wp\/v2\/types\/post"}],"author":[{"embeddable":true,"href":"https:\/\/www.europesays.com\/fr\/wp-json\/wp\/v2\/users\/2"}],"replies":[{"embeddable":true,"href":"https:\/\/www.europesays.com\/fr\/wp-json\/wp\/v2\/comments?post=365770"}],"version-history":[{"count":0,"href":"https:\/\/www.europesays.com\/fr\/wp-json\/wp\/v2\/posts\/365770\/revisions"}],"wp:featuredmedia":[{"embeddable":true,"href":"https:\/\/www.europesays.com\/fr\/wp-json\/wp\/v2\/media\/365771"}],"wp:attachment":[{"href":"https:\/\/www.europesays.com\/fr\/wp-json\/wp\/v2\/media?parent=365770"}],"wp:term":[{"taxonomy":"category","embeddable":true,"href":"https:\/\/www.europesays.com\/fr\/wp-json\/wp\/v2\/categories?post=365770"},{"taxonomy":"post_tag","embeddable":true,"href":"https:\/\/www.europesays.com\/fr\/wp-json\/wp\/v2\/tags?post=365770"}],"curies":[{"name":"wp","href":"https:\/\/api.w.org\/{rel}","templated":true}]}}