{"id":365772,"date":"2025-09-04T13:34:11","date_gmt":"2025-09-04T13:34:11","guid":{"rendered":"https:\/\/www.europesays.com\/fr\/365772\/"},"modified":"2025-09-04T13:34:11","modified_gmt":"2025-09-04T13:34:11","slug":"le-camp-presidentiel-a-lepreuve-de-sa-propre-desunion","status":"publish","type":"post","link":"https:\/\/www.europesays.com\/fr\/365772\/","title":{"rendered":"Le camp pr\u00e9sidentiel \u00e0 l\u2019\u00e9preuve de sa propre d\u00e9sunion"},"content":{"rendered":"<p>                         <img loading=\"lazy\" decoding=\"async\" src=\"https:\/\/www.europesays.com\/fr\/wp-content\/uploads\/2025\/09\/5ee5f0b_upload-1-52orzwhfsdar-jmug250902124.jpg\" alt=\"Le pr\u00e9sident d\u2019Horizons, Edouard Philippe, \u00e0 l\u2019issue de son entretien avec le premier ministre, \u00e0 Matignon, le 2\u00a0septembre\u00a02025.\"   width=\"664\" height=\"443\"\/>    Le pr\u00e9sident d\u2019Horizons, Edouard Philippe, \u00e0 l\u2019issue de son entretien avec le premier ministre, \u00e0 Matignon, le 2\u00a0septembre\u00a02025.  JULIEN MUGUET POUR \u00ab\u00a0LE MONDE \u00bb                 <\/p>\n<p class=\"article__paragraph  \">Le mot d\u2019ordre est limpide et la posture combative. Il s\u2019agit de conjurer l\u2019impasse qui guette le gouvernement. Le pr\u00e9sident de la R\u00e9publique a demand\u00e9, lors du conseil des ministres, mercredi 3\u00a0septembre, aux membres et soutiens de l\u2019ex\u00e9cutif de \u00ab\u00a0faire acte de mobilisation\u00a0\u00bb et de \u00ab\u00a0p\u00e9dagogie\u00a0\u00bb d\u2019ici au vote de confiance du 8\u00a0septembre qui pourrait provoquer la chute du premier ministre, Fran\u00e7ois Bayrou.<\/p>\n<p>                                   Lire aussi |  Article r\u00e9serv\u00e9 \u00e0 nos abonn\u00e9s  <a href=\"https:\/\/www.lemonde.fr\/politique\/article\/2025\/09\/03\/pour-sortir-de-la-crise-politique-emmanuel-macron-se-tourne-vers-les-socialistes_6638506_823448.html\" class=\"js-article-read-also catcher--favoris__link\" data-premium=\"1\" id=\"article-title-3436351\" rel=\"nofollow noopener\" target=\"_blank\">Pour sortir de la crise politique, Emmanuel Macron se tourne vers les socialistes<\/a>    <\/p>\n<p>   Lire plus tard  <\/p>\n<p class=\"article__paragraph  \">Alors qu\u2019il n\u2019avait pas convoqu\u00e9 les chefs de file du bloc central depuis de longs mois, Emmanuel Macron avait r\u00e9uni \u00e0 l\u2019Elys\u00e9e, la veille, Edouard Philippe (Horizons), Gabriel Attal (Renaissance) et Fran\u00e7ois Bayrou lui-m\u00eame (MoDem), lors d\u2019un d\u00e9jeuner organis\u00e9 \u00e0 la derni\u00e8re minute, pour leur marteler la n\u00e9cessit\u00e9 de s\u2019unir face \u00e0 la crise politique et budg\u00e9taire qui menace le pays, et leur enjoindre de trouver des solutions avec les socialistes. Il y a m\u00eame associ\u00e9 pour la premi\u00e8re fois Bruno Retailleau, pr\u00e9sident du parti Les\u00a0R\u00e9publicains (LR), avec qui son camp a nou\u00e9 une alliance de gouvernement<strong> <\/strong>depuis un an, alliance qu\u2019il souhaite conserver.<\/p>\n<p class=\"article__paragraph  \">Mais le choix strat\u00e9gique de Fran\u00e7ois Bayrou d\u00e9route jusqu\u2019\u00e0 ses propres troupes, fragilisant un bloc central d\u00e9j\u00e0 d\u00e9suni par plusieurs revers \u00e9lectoraux. En\u00a02022, les macronistes et leurs alli\u00e9s perdaient leur majorit\u00e9 absolue \u00e0 l\u2019Assembl\u00e9e nationale. En\u00a02024, la dissolution de l\u2019Assembl\u00e9e nationale et les l\u00e9gislatives anticip\u00e9es les ont encore plus affaiblis. Tout cela a favoris\u00e9 l\u2019autonomisation de chacun des groupes \u00e0 l\u2019Assembl\u00e9e, avec, comme corollaire, leur dispersion. Ainsi, aucune coordination formelle au sein d\u2019un intergroupe pour trancher une strat\u00e9gie parlementaire commune n\u2019a jamais vu le jour, malgr\u00e9 quelques tentatives.<\/p>\n<p class=\"reading-mode-only \"><strong>Il vous reste 70.82% de cet article \u00e0 lire. La suite est r\u00e9serv\u00e9e aux abonn\u00e9s.<\/strong><\/p>\n","protected":false},"excerpt":{"rendered":"Le pr\u00e9sident d\u2019Horizons, Edouard Philippe, \u00e0 l\u2019issue de son entretien avec le premier ministre, \u00e0 Matignon, le 2\u00a0septembre\u00a02025.&hellip;\n","protected":false},"author":2,"featured_media":365773,"comment_status":"","ping_status":"","sticky":false,"template":"","format":"standard","meta":{"footnotes":""},"categories":[4],"tags":[11,1011,27,12,25],"class_list":{"0":"post-365772","1":"post","2":"type-post","3":"status-publish","4":"format-standard","5":"has-post-thumbnail","7":"category-france","8":"tag-actualites","9":"tag-fr","10":"tag-france","11":"tag-news","12":"tag-republique-francaise"},"share_on_mastodon":{"url":"https:\/\/pubeurope.com\/@fr\/115146291463757252","error":""},"_links":{"self":[{"href":"https:\/\/www.europesays.com\/fr\/wp-json\/wp\/v2\/posts\/365772","targetHints":{"allow":["GET"]}}],"collection":[{"href":"https:\/\/www.europesays.com\/fr\/wp-json\/wp\/v2\/posts"}],"about":[{"href":"https:\/\/www.europesays.com\/fr\/wp-json\/wp\/v2\/types\/post"}],"author":[{"embeddable":true,"href":"https:\/\/www.europesays.com\/fr\/wp-json\/wp\/v2\/users\/2"}],"replies":[{"embeddable":true,"href":"https:\/\/www.europesays.com\/fr\/wp-json\/wp\/v2\/comments?post=365772"}],"version-history":[{"count":0,"href":"https:\/\/www.europesays.com\/fr\/wp-json\/wp\/v2\/posts\/365772\/revisions"}],"wp:featuredmedia":[{"embeddable":true,"href":"https:\/\/www.europesays.com\/fr\/wp-json\/wp\/v2\/media\/365773"}],"wp:attachment":[{"href":"https:\/\/www.europesays.com\/fr\/wp-json\/wp\/v2\/media?parent=365772"}],"wp:term":[{"taxonomy":"category","embeddable":true,"href":"https:\/\/www.europesays.com\/fr\/wp-json\/wp\/v2\/categories?post=365772"},{"taxonomy":"post_tag","embeddable":true,"href":"https:\/\/www.europesays.com\/fr\/wp-json\/wp\/v2\/tags?post=365772"}],"curies":[{"name":"wp","href":"https:\/\/api.w.org\/{rel}","templated":true}]}}