{"id":365778,"date":"2025-09-04T13:37:11","date_gmt":"2025-09-04T13:37:11","guid":{"rendered":"https:\/\/www.europesays.com\/fr\/365778\/"},"modified":"2025-09-04T13:37:11","modified_gmt":"2025-09-04T13:37:11","slug":"roland-romeyer-accuse-de-harcelement-et-doutrages-sexistes-france-as-saint-etienne","status":"publish","type":"post","link":"https:\/\/www.europesays.com\/fr\/365778\/","title":{"rendered":"Roland Romeyer accus\u00e9 de harc\u00e8lement et d\u2019outrages sexistes &#8211; France &#8211; AS Saint-\u00c9tienne"},"content":{"rendered":"<p>Un triste h\u00e9ritage laiss\u00e9 par l\u2019homme de 80 ans.<\/p>\n<p>Ce jeudi, l\u2019ancien pr\u00e9sident de l\u2019AS Saint-\u00c9tienne, Roland Romeyer, \u00e0 la t\u00eate des Verts entre 2004 et 2024, <strong>a \u00e9t\u00e9 accus\u00e9 de \u00ab\u00a0harc\u00e8lement et outrages sexistes, aggrav\u00e9s par le lien hi\u00e9rarchique ou la minorit\u00e9\u00a0\u00bb <\/strong>comme pr\u00e9cis\u00e9 par la procureure de la R\u00e9publique de Saint-\u00c9tienne. Selon les informations du <a target=\"_blank\" href=\"https:\/\/www.leprogres.fr\/faits-divers-justice\/2025\/09\/03\/harcelement-et-outrages-sexistes-deux-plaintes-deposees-contre-roland-romeyer\" rel=\"nofollow noopener\">Progr\u00e8s<\/a> partag\u00e9es ce jeudi, une enqu\u00eate a \u00e9t\u00e9 ouverte par le parquet de Saint-\u00c9tienne en juin 2025 apr\u00e8s que deux employ\u00e9es du club ont port\u00e9 plainte pour ces chefs d\u2019accusation.<\/p>\n<p>Un audit d\u00e9j\u00e0 organis\u00e9 par l\u2019ASSE<\/p>\n<p>Avant l\u2019ouverture de cette enqu\u00eate,\u00a0<strong>l\u2019ASSE avait organis\u00e9 un audit aupr\u00e8s des salari\u00e9s<\/strong>, o\u00f9 toutes les femmes du club avaient notamment \u00e9t\u00e9 interrog\u00e9es sur le comportement de Roland Romeyer. Un des anciens collaborateurs confie au quotidien r\u00e9gional se souvenir de l\u2019inauguration du mus\u00e9e de l\u2019ASSE\u00a0o\u00f9 \u00ab\u00a0Roland Romeyer avait eu un comportement particuli\u00e8rement d\u00e9plac\u00e9 aupr\u00e8s des salari\u00e9es d\u2019un prestataire ext\u00e9rieur. Il s\u2019agissait surtout de paroles malheureuses et tout le monde \u00e9tait g\u00ean\u00e9\u00a0\u00bb, quand une journaliste t\u00e9l\u00e9 rapporte un geste inappropri\u00e9. Ces exemples ne font pas partie des plaintes relay\u00e9es aujourd\u2019hui, mais poussent l\u2019actuel leader de Ligue 2 \u00e0 rappeler qu\u2019il \u00ab\u00a0condamne toute forme de violence et de comportement inappropri\u00e9, tant sur le terrain qu\u2019en dehors\u00a0\u00bb, avant de pr\u00e9ciser qu\u2019il ne ferait aucun autre commentaire pendant la proc\u00e9dure judiciaire.<\/p>\n<p>D\u2019apr\u00e8s Le Progr\u00e8s, les faits reproch\u00e9s <strong>datent d\u2019une p\u00e9riode ant\u00e9rieure \u00e0 la vente du club aux Canadiens de Kilmer Sports<\/strong>, propri\u00e9taires du pensionnaire de Ligue 2 depuis le d\u00e9part en retraite de Romeyer l\u2019ann\u00e9e derni\u00e8re. Ce dernier, pr\u00e9sum\u00e9 innocent, a \u00e9t\u00e9 contact\u00e9 par le journal rh\u00f4nalpin et se dit \u00ab\u00a0tr\u00e8s surpris d\u2019apprendre que [il fait] l\u2019objet de deux plaintes\u202f\u00bb. \u00ab\u202fPersonne ne m\u2019a pr\u00e9venu et surtout personne ne m\u2019a interrog\u00e9. Je tombe des nues.\u00a0\u00bb<\/p>\n<p>\t\t\t\t\t\t\t\t\t\t<a class=\"lien-connexe\" href=\"https:\/\/www.sofoot.com\/articles\/socios-verts-un-leger-fremissement-du-football-populaire\" rel=\"nofollow noopener\" target=\"_blank\">Socios Verts\u202f: un l\u00e9ger fr\u00e9missement du football populaire<\/a>\t\t\t\t\t<\/p>\n","protected":false},"excerpt":{"rendered":"Un triste h\u00e9ritage laiss\u00e9 par l\u2019homme de 80 ans. Ce jeudi, l\u2019ancien pr\u00e9sident de l\u2019AS Saint-\u00c9tienne, Roland Romeyer,&hellip;\n","protected":false},"author":2,"featured_media":365779,"comment_status":"","ping_status":"","sticky":false,"template":"","format":"standard","meta":{"footnotes":""},"categories":[9653],"tags":[1111,47,11,61,2430,69,65,64,1777,674,63,1011,27,68,66,12,62,70,25,4001,67],"class_list":{"0":"post-365778","1":"post","2":"type-post","3":"status-publish","4":"format-standard","5":"has-post-thumbnail","7":"category-saint-etienne","8":"tag-actu","9":"tag-actualite","10":"tag-actualites","11":"tag-actus-football","12":"tag-auvergne-rhone-alpes","13":"tag-bundesliga","14":"tag-championnats-europeens","15":"tag-equipe-de-france","16":"tag-eu","17":"tag-europe","18":"tag-football","19":"tag-fr","20":"tag-france","21":"tag-ligua","22":"tag-ligue-1","23":"tag-news","24":"tag-news-foot","25":"tag-premier-league","26":"tag-republique-francaise","27":"tag-saint-etienne","28":"tag-serie-a"},"share_on_mastodon":{"url":"https:\/\/pubeurope.com\/@fr\/115146302672452694","error":""},"_links":{"self":[{"href":"https:\/\/www.europesays.com\/fr\/wp-json\/wp\/v2\/posts\/365778","targetHints":{"allow":["GET"]}}],"collection":[{"href":"https:\/\/www.europesays.com\/fr\/wp-json\/wp\/v2\/posts"}],"about":[{"href":"https:\/\/www.europesays.com\/fr\/wp-json\/wp\/v2\/types\/post"}],"author":[{"embeddable":true,"href":"https:\/\/www.europesays.com\/fr\/wp-json\/wp\/v2\/users\/2"}],"replies":[{"embeddable":true,"href":"https:\/\/www.europesays.com\/fr\/wp-json\/wp\/v2\/comments?post=365778"}],"version-history":[{"count":0,"href":"https:\/\/www.europesays.com\/fr\/wp-json\/wp\/v2\/posts\/365778\/revisions"}],"wp:featuredmedia":[{"embeddable":true,"href":"https:\/\/www.europesays.com\/fr\/wp-json\/wp\/v2\/media\/365779"}],"wp:attachment":[{"href":"https:\/\/www.europesays.com\/fr\/wp-json\/wp\/v2\/media?parent=365778"}],"wp:term":[{"taxonomy":"category","embeddable":true,"href":"https:\/\/www.europesays.com\/fr\/wp-json\/wp\/v2\/categories?post=365778"},{"taxonomy":"post_tag","embeddable":true,"href":"https:\/\/www.europesays.com\/fr\/wp-json\/wp\/v2\/tags?post=365778"}],"curies":[{"name":"wp","href":"https:\/\/api.w.org\/{rel}","templated":true}]}}