{"id":365780,"date":"2025-09-04T13:38:17","date_gmt":"2025-09-04T13:38:17","guid":{"rendered":"https:\/\/www.europesays.com\/fr\/365780\/"},"modified":"2025-09-04T13:38:17","modified_gmt":"2025-09-04T13:38:17","slug":"dedicace-elles-cultivent-de-ludmilla-cerveny-dedicace-a-metz","status":"publish","type":"post","link":"https:\/\/www.europesays.com\/fr\/365780\/","title":{"rendered":"Dedicace \u00ab\u00a0Elles cultivent\u00a0\u00bb de Ludmilla Cerveny : Dedicace a Metz"},"content":{"rendered":"<p>\t\t\t\t\t\t\t\t\t<a href=\"https:\/\/www.republicain-lorrain.fr\/pour-sortir\/loisirs\/Rencontre-conference\/Dedicaces\/Lorraine\/Moselle\/Metz\/2025\/09\/12\/javascript:history.back();\" rel=\"nofollow noopener\" class=\"backToSearch\" target=\"_blank\">Retour \u00e0 la recherche<\/a><\/p>\n<p class=\"media-desc\" itemprop=\"description\">&#13;<br \/>\n\t\t\t\t\tAu programme, discussions autour de la photographie, lectures et d\u00e9gustations du produits locaux.  Ludmilla est une artiste et photographe, architecte de formation, bas\u00e9e \u00e0 Lun\u00e9ville et travaillant dans le Grand Est &#13;<br \/>\n\t\t\t\t\t\t\t\t\t\t\t&#13;<br \/>\n\t\t\t\t\t\t\t\t\t\tLa Maison de l&rsquo;architecture de Lorraine, en partenariat avec la maison d&rsquo;\u00e9dition C&rsquo;est en forgeant, organise une s\u00e9ance de d\u00e9dicaces avec Ludmilla Cerveny autour de son ouvrage \u201cElles cultivent\u201d.<br \/>\n\u00ab L&rsquo;envie m&rsquo;est venue de porter mon regard sur quatre productrices locales qui agissent sur le paysage, qui ont des r\u00eaves mais qui \u0153uvrent avant tout dans le concret, le palpable, le vivant. Si cultiver la terre para\u00eet faire partie des gestes les plus archa\u00efques, il n&rsquo;en est pas moins d&rsquo;actualit\u00e9 et surtout politique. Or cultiver et prendre soin sont ins\u00e9parables \u00bb. &#13;\n\t\t\t\t  <\/p>\n","protected":false},"excerpt":{"rendered":"Retour \u00e0 la recherche &#13; Au programme, discussions autour de la photographie, lectures et d\u00e9gustations du produits locaux.&hellip;\n","protected":false},"author":2,"featured_media":365781,"comment_status":"","ping_status":"","sticky":false,"template":"","format":"standard","meta":{"footnotes":""},"categories":[9635],"tags":[1111,11,1777,674,1011,27,775,1702,12,25],"class_list":{"0":"post-365780","1":"post","2":"type-post","3":"status-publish","4":"format-standard","5":"has-post-thumbnail","7":"category-nancy","8":"tag-actu","9":"tag-actualites","10":"tag-eu","11":"tag-europe","12":"tag-fr","13":"tag-france","14":"tag-grand-est","15":"tag-nancy","16":"tag-news","17":"tag-republique-francaise"},"share_on_mastodon":{"url":"https:\/\/pubeurope.com\/@fr\/115146306680712967","error":""},"_links":{"self":[{"href":"https:\/\/www.europesays.com\/fr\/wp-json\/wp\/v2\/posts\/365780","targetHints":{"allow":["GET"]}}],"collection":[{"href":"https:\/\/www.europesays.com\/fr\/wp-json\/wp\/v2\/posts"}],"about":[{"href":"https:\/\/www.europesays.com\/fr\/wp-json\/wp\/v2\/types\/post"}],"author":[{"embeddable":true,"href":"https:\/\/www.europesays.com\/fr\/wp-json\/wp\/v2\/users\/2"}],"replies":[{"embeddable":true,"href":"https:\/\/www.europesays.com\/fr\/wp-json\/wp\/v2\/comments?post=365780"}],"version-history":[{"count":0,"href":"https:\/\/www.europesays.com\/fr\/wp-json\/wp\/v2\/posts\/365780\/revisions"}],"wp:featuredmedia":[{"embeddable":true,"href":"https:\/\/www.europesays.com\/fr\/wp-json\/wp\/v2\/media\/365781"}],"wp:attachment":[{"href":"https:\/\/www.europesays.com\/fr\/wp-json\/wp\/v2\/media?parent=365780"}],"wp:term":[{"taxonomy":"category","embeddable":true,"href":"https:\/\/www.europesays.com\/fr\/wp-json\/wp\/v2\/categories?post=365780"},{"taxonomy":"post_tag","embeddable":true,"href":"https:\/\/www.europesays.com\/fr\/wp-json\/wp\/v2\/tags?post=365780"}],"curies":[{"name":"wp","href":"https:\/\/api.w.org\/{rel}","templated":true}]}}