{"id":365784,"date":"2025-09-04T13:40:23","date_gmt":"2025-09-04T13:40:23","guid":{"rendered":"https:\/\/www.europesays.com\/fr\/365784\/"},"modified":"2025-09-04T13:40:23","modified_gmt":"2025-09-04T13:40:23","slug":"jazz-bach-et-flute-de-pan-ce-qui-vous-attend-au-festival-de-septembre-a-sanary","status":"publish","type":"post","link":"https:\/\/www.europesays.com\/fr\/365784\/","title":{"rendered":"Jazz, Bach et fl\u00fbte de pan: ce qui vous attend au Festival de Septembre \u00e0 Sanary"},"content":{"rendered":"<p>Malgr\u00e9 la rentr\u00e9e, on reste encore un peu dans la l\u00e9g\u00e8ret\u00e9 des vacances avec les quatre concerts du Festival de Septembre organis\u00e9s par Art et Rencontres au temple de Sanary.<\/p>\n<p>Le premier concert du 3 septembre a deux atouts : d\u2019abord il se tiendra sous les \u00e9toiles, dans le cadre bucolique du jardin du temple, et ensuite il entra\u00eenera les auditeurs dans le tourbillon virevoltant des jazz manouche et tzigane, gr\u00e2ce \u00e0 l\u2019\u00e9nergie du quintet marseillais Basilic Swing!<\/p>\n<p>Tr\u00e8s complices, les quatre instruments \u00e0 cordes seront parfaitement synchro avec le tr\u00e9pidant clarinettiste Sylvain Cong\u00e8s, qui \u00e9maille de concert d\u2019anecdotes pleines d\u2019humour.<\/p>\n<p>Standards et r\u00e9arrangements vifs et nostalgiques alterneront dans ce r\u00e9pertoire qui fait voyager de l\u2019Am\u00e9rique \u00e0 l\u2019Europe de l\u2019Est.<\/p>\n<p>Honneur aux femmes!<\/p>\n<p>Mercredi 10, le Duo Alto mettra la gente f\u00e9minine en lumi\u00e8re. L\u2019artiste Laurence Tricarri et la pianiste Monica Molinaro interpr\u00e9teront de superbes pi\u00e8ces compos\u00e9es aux XIXe et XXe si\u00e8cles exclusivement par des femmes.<\/p>\n<p>Le cadre intimiste du temple sera un \u00e9crin parfait pour d\u00e9couvrir ces cr\u00e9ations trop m\u00e9connues de Clara Schumann, Rebecca Clarke, Nadia Boulanger, B\u00e9atrice Bellocq et Graciane Finzi.<\/p>\n<p>Retour aux grands classiques le 17 avec une soir\u00e9e d\u00e9di\u00e9e \u00e0 Bach et Mozart.<\/p>\n<p>Un \u00ab\u00a0dialogue intime\u00a0\u00bb entre la d\u00e9licatesse des quatuors pour fl\u00fbte de Mozart (avec Claire Marzullo) et la monumentalit\u00e9 des Variations Goldberg de Bach revisit\u00e9es pour trio \u00e0 cordes (violon Marc Vieillefon, alto Blandine Leydier, violoncelle Pierre Nentwig).<\/p>\n<p>Orgue et fl\u00fbte de pan<\/p>\n<p>Enfin, le festival se conclura le 24 avec un duo original orgue et fl\u00fbte de pan. C\u2019est Francis Roudier, titulaire des grandes orgues de l\u2019\u00e9glise Ste-Jeanne-d\u2019Arc de Versailles qui sera aux claviers, r\u00e9pondant \u00e0 Georges Schmitt, une v\u00e9ritable l\u00e9gende fran\u00e7aise de la fl\u00fbte de pan.<\/p>\n<p>En plus de 50 ans de carri\u00e8re, le fl\u00fbtiste aux 11 Disques d\u2019Or a collabor\u00e9 avec Vladimir Cosma, le Commandant Cousteau, Ennio Morricone et Jean-Pierre Mocky, entre autres.<\/p>\n<p>Lui et Francis Roudier d\u00e9montreront la polyvalence de leurs instruments dans un r\u00e9pertoire tr\u00e8s vari\u00e9 passant de Stanley \u00e0 Bach, en passant par l\u2019Arl\u00e9sienne de Bizet, l\u2019Ave Maria de Piazzolla et le merveilleux Papageno (La fl\u00fbte enchant\u00e9e) de Mozart.<\/p>\n<p>De grands moments en perspective!<\/p>\n<p><strong>&gt;&gt;\u00a0<\/strong>Festival de septembre, les mercredis 3, 10, 17 et 24 septembre \u00e0 20h30 au Temple protestant, 41 imp. Sully \u00e0 Sanary, 15 euros\/concert, parking gratuit (sauf le 3), 06.84.13.34.43 ou <a href=\"https:\/\/www.varmatin.com\/concerts\/mailto:artetrencontres@gmail.com\" target=\"_blank\" rel=\"noopener\">artetrencontres@gmail.com<\/a><\/p>\n","protected":false},"excerpt":{"rendered":"Malgr\u00e9 la rentr\u00e9e, on reste encore un peu dans la l\u00e9g\u00e8ret\u00e9 des vacances avec les quatre concerts du&hellip;\n","protected":false},"author":2,"featured_media":365785,"comment_status":"","ping_status":"","sticky":false,"template":"","format":"standard","meta":{"footnotes":""},"categories":[9619],"tags":[1111,11,4156,251,1777,674,1011,27,12,882,25,2310],"class_list":{"0":"post-365784","1":"post","2":"type-post","3":"status-publish","4":"format-standard","5":"has-post-thumbnail","7":"category-toulon","8":"tag-actu","9":"tag-actualites","10":"tag-concerts","11":"tag-culture","12":"tag-eu","13":"tag-europe","14":"tag-fr","15":"tag-france","16":"tag-news","17":"tag-provence-alpes-cote-dazur","18":"tag-republique-francaise","19":"tag-toulon"},"share_on_mastodon":{"url":"https:\/\/pubeurope.com\/@fr\/115146314458717025","error":""},"_links":{"self":[{"href":"https:\/\/www.europesays.com\/fr\/wp-json\/wp\/v2\/posts\/365784","targetHints":{"allow":["GET"]}}],"collection":[{"href":"https:\/\/www.europesays.com\/fr\/wp-json\/wp\/v2\/posts"}],"about":[{"href":"https:\/\/www.europesays.com\/fr\/wp-json\/wp\/v2\/types\/post"}],"author":[{"embeddable":true,"href":"https:\/\/www.europesays.com\/fr\/wp-json\/wp\/v2\/users\/2"}],"replies":[{"embeddable":true,"href":"https:\/\/www.europesays.com\/fr\/wp-json\/wp\/v2\/comments?post=365784"}],"version-history":[{"count":0,"href":"https:\/\/www.europesays.com\/fr\/wp-json\/wp\/v2\/posts\/365784\/revisions"}],"wp:featuredmedia":[{"embeddable":true,"href":"https:\/\/www.europesays.com\/fr\/wp-json\/wp\/v2\/media\/365785"}],"wp:attachment":[{"href":"https:\/\/www.europesays.com\/fr\/wp-json\/wp\/v2\/media?parent=365784"}],"wp:term":[{"taxonomy":"category","embeddable":true,"href":"https:\/\/www.europesays.com\/fr\/wp-json\/wp\/v2\/categories?post=365784"},{"taxonomy":"post_tag","embeddable":true,"href":"https:\/\/www.europesays.com\/fr\/wp-json\/wp\/v2\/tags?post=365784"}],"curies":[{"name":"wp","href":"https:\/\/api.w.org\/{rel}","templated":true}]}}