{"id":365786,"date":"2025-09-04T13:41:17","date_gmt":"2025-09-04T13:41:17","guid":{"rendered":"https:\/\/www.europesays.com\/fr\/365786\/"},"modified":"2025-09-04T13:41:17","modified_gmt":"2025-09-04T13:41:17","slug":"jai-toujours-voulu-me-tester-ici-je-veux-jouer-ces-grands-matches-les-confidences-de-laustralien-tom-banks-avant-mhr-toulon","status":"publish","type":"post","link":"https:\/\/www.europesays.com\/fr\/365786\/","title":{"rendered":"\u00ab\u00a0J\u2019ai toujours voulu me tester ici\u00a0\u00bb, \u00ab\u00a0je veux jouer ces grands matches\u00a0\u00bb\u00a0: les confidences de l\u2019Australien Tom Banks avant MHR-Toulon"},"content":{"rendered":"<p>\n                                                                Arriv\u00e9 cet \u00e9t\u00e9 en provenance du Japon, l\u2019arri\u00e8re australien Tom Banks (31 ans, 21 s\u00e9lections) s\u2019est pr\u00e9sent\u00e9 pour sa premi\u00e8re conf\u00e9rence de presse, ce jeudi 4\u00a0septembre, et va d\u00e9couvrir le Top 14, samedi (19\u00a0h) pour la premi\u00e8re journ\u00e9e de face \u00e0 Toulon au Septeo Stadium.\n                            <\/p>\n<p class=\"txt-question\">Vous allez disputer votre premier match de Top 14, est-ce que vous attendiez ce moment\u00a0?<\/p>\n<p>Oui, j\u2019ai toujours suivi avec attention ce championnat, c\u2019est probablement le meilleur du monde. J\u2019ai toujours eu envie de me tester ici. Et depuis que je suis ici \u00e0 Montpellier, j\u2019ai d\u00e9couvert ce qu\u2019ils repr\u00e9sentent, leur fa\u00e7on de voir le rugby, je suis tr\u00e8s enthousiaste d\u2019en faire partie.<\/p>\n<p class=\"txt-question\">Comment s\u2019est d\u00e9roul\u00e9e votre arriv\u00e9e au MHR\u00a0?<\/p>\n<p>J\u2019\u00e9tais en fin de contrat avec mon \u00e9quipe de Mie Honda \u00e0 Suzuka en championnat japonais et l\u2019offre de Montpellier est arriv\u00e9e. Et c\u2019\u00e9tait quelque chose que j\u2019avais toujours voulu, venir jouer dans une grande \u00e9quipe comme celle-l\u00e0.<\/p>\n<p class=\"txt-question\">Est-ce que vous avez discut\u00e9 avec Jordan Uelese avant de venir ici\u00a0?<\/p>\n<p>Oui, il y a quelques Australiens qui sont pass\u00e9s ici et ils m\u2019ont dit beaucoup de bien du club, de sa place au sein de cette ville, alors j\u2019\u00e9tais impatient de d\u00e9couvrir tout \u00e7a. Jordan adore son passage ici, en parlant avec lui, j\u2019ai essay\u00e9 d\u2019avoir une id\u00e9e de la vie ici. Il \u00e9tait tr\u00e8s positif sur le club.<\/p>\n<p>\u00ab\u00a0Ici, c\u2019est tr\u00e8s physique\u00a0\u00bb<\/p>\n<p class=\"txt-question\">Vous avez pass\u00e9 trois ans au Japon, qu\u2019avez-vous retenu de cette exp\u00e9rience\u00a0?<\/p>\n<p>Les Japonais sont vraiment sympathiques et tr\u00e8s accueillants. J\u2019ai jou\u00e9 7 ans en Australie avant, je voulais d\u00e9couvrir une autre comp\u00e9tition et le Japon \u00e9tait parfait pour cela. On a eu des ann\u00e9es difficiles, mais ils sont en train de construire quelque chose de solide.<\/p>\n<p class=\"txt-question\">Vous regardiez le Top 14 au Japon\u00a0?<\/p>\n<p>Oui, \u00e9videmment c\u2019est un peu compliqu\u00e9 avec le d\u00e9calage horaire, mais oui, on regarde toujours le Top 14, la Champions Cup, tout \u00e7a. La comp\u00e9tition ici est vraiment solide. Des \u00e9quipes tr\u00e8s physiques. C\u2019est tr\u00e8s excitant.<\/p>\n<p class=\"txt-question\">Quelles sont les diff\u00e9rences avec les autres championnats o\u00f9 vous avez jou\u00e9\u00a0?<\/p>\n<p>Chaque comp\u00e9tition a ses forces et ses faiblesses. Au Japon, c\u2019\u00e9tait surtout un jeu de course, assez rapide. En Australie, c\u2019est un peu plus hybride. Ici c\u2019est tr\u00e8s physique. Mais m\u00eame en arrivant, la condition physique des joueurs, les comp\u00e9tences, j\u2019ai \u00e9t\u00e9 vraiment impressionn\u00e9. Donc oui, comme je l\u2019ai dit, j\u2019ai vraiment h\u00e2te. La pr\u00e9paration a \u00e9t\u00e9 bonne. C\u2019\u00e9tait dur mais les gars sont super motiv\u00e9s.<\/p>\n<p class=\"txt-question\">\u00cates-vous impatient de d\u00e9couvrir l\u2019ambiance des stades du Top 14\u00a0?<\/p>\n<p>En parlant avec certains des gars, ils m\u2019ont dit que l\u2019ambiance dans certains matchs ici est incroyable. C\u2019est quelque chose que je veux d\u00e9couvrir. En tant que joueur, tu veux jouer ces grands matchs, avec un enjeu. Donc oui, entendre la foule, l\u2019atmosph\u00e8re, \u00e7a va \u00eatre excitant.<\/p>\n<p class=\"txt-question\">Les r\u00e8gles de s\u00e9lection pour l\u2019\u00e9quipe d\u2019Australie ont \u00e9volu\u00e9*, est-ce que cela change quelque chose pour vous\u00a0?<\/p>\n<p>\u00c9videmment, si l\u2019opportunit\u00e9 se pr\u00e9sentait, je sauterais dessus. Mais je suis parti d\u2019Australie depuis quelques ann\u00e9es maintenant, et je pense que mon \u00e9tat d\u2019esprit pour le moment, c\u2019est juste de jouer mon meilleur rugby avec Montpellier. Et si quelque chose devait se pr\u00e9senter avec l\u2019Australie, j\u2019en serais tr\u00e8s heureux. Mais mon objectif principal pour l\u2019instant, c\u2019est vraiment de bien jouer pour Montpellier.<\/p>\n<p>*Depuis cet \u00e9t\u00e9, les joueurs australiens \u00e9voluant \u00e0 l\u2019\u00e9tranger pourront \u00eatre s\u00e9lectionn\u00e9s sans aucune restriction.<\/p>\n","protected":false},"excerpt":{"rendered":"Arriv\u00e9 cet \u00e9t\u00e9 en provenance du Japon, l\u2019arri\u00e8re australien Tom Banks (31 ans, 21 s\u00e9lections) s\u2019est pr\u00e9sent\u00e9 pour&hellip;\n","protected":false},"author":2,"featured_media":365787,"comment_status":"","ping_status":"","sticky":false,"template":"","format":"standard","meta":{"footnotes":""},"categories":[9619],"tags":[1111,11,1777,674,1011,27,12,882,25,2310],"class_list":{"0":"post-365786","1":"post","2":"type-post","3":"status-publish","4":"format-standard","5":"has-post-thumbnail","7":"category-toulon","8":"tag-actu","9":"tag-actualites","10":"tag-eu","11":"tag-europe","12":"tag-fr","13":"tag-france","14":"tag-news","15":"tag-provence-alpes-cote-dazur","16":"tag-republique-francaise","17":"tag-toulon"},"share_on_mastodon":{"url":"https:\/\/pubeurope.com\/@fr\/115146318423088857","error":""},"_links":{"self":[{"href":"https:\/\/www.europesays.com\/fr\/wp-json\/wp\/v2\/posts\/365786","targetHints":{"allow":["GET"]}}],"collection":[{"href":"https:\/\/www.europesays.com\/fr\/wp-json\/wp\/v2\/posts"}],"about":[{"href":"https:\/\/www.europesays.com\/fr\/wp-json\/wp\/v2\/types\/post"}],"author":[{"embeddable":true,"href":"https:\/\/www.europesays.com\/fr\/wp-json\/wp\/v2\/users\/2"}],"replies":[{"embeddable":true,"href":"https:\/\/www.europesays.com\/fr\/wp-json\/wp\/v2\/comments?post=365786"}],"version-history":[{"count":0,"href":"https:\/\/www.europesays.com\/fr\/wp-json\/wp\/v2\/posts\/365786\/revisions"}],"wp:featuredmedia":[{"embeddable":true,"href":"https:\/\/www.europesays.com\/fr\/wp-json\/wp\/v2\/media\/365787"}],"wp:attachment":[{"href":"https:\/\/www.europesays.com\/fr\/wp-json\/wp\/v2\/media?parent=365786"}],"wp:term":[{"taxonomy":"category","embeddable":true,"href":"https:\/\/www.europesays.com\/fr\/wp-json\/wp\/v2\/categories?post=365786"},{"taxonomy":"post_tag","embeddable":true,"href":"https:\/\/www.europesays.com\/fr\/wp-json\/wp\/v2\/tags?post=365786"}],"curies":[{"name":"wp","href":"https:\/\/api.w.org\/{rel}","templated":true}]}}