{"id":365788,"date":"2025-09-04T13:42:12","date_gmt":"2025-09-04T13:42:12","guid":{"rendered":"https:\/\/www.europesays.com\/fr\/365788\/"},"modified":"2025-09-04T13:42:12","modified_gmt":"2025-09-04T13:42:12","slug":"le-college-de-juvignac-inaugure","status":"publish","type":"post","link":"https:\/\/www.europesays.com\/fr\/365788\/","title":{"rendered":"le coll\u00e8ge de Juvignac inaugur\u00e9"},"content":{"rendered":"<p>            Par<br \/>\n        <strong><br \/>\n            <a href=\"https:\/\/actu.fr\/auteur\/metropoop\" title=\"Consulter tous les articles de R\u00e9daction M\u00e9tropolitain\" rel=\"nofollow noopener\" target=\"_blank\">R\u00e9daction M\u00e9tropolitain<\/a><br \/>\n        <\/strong><\/p>\n<p>        Publi\u00e9 le<\/p>\n<p>            4 sept. 2025 \u00e0 15h31<br \/>\n        ; mis \u00e0 jour le 4 sept. 2025 \u00e0 15h33    <\/p>\n<p>\u00c0 <strong>Juvignac<\/strong>, dans le quartier des Constellations, le 82e <strong>coll\u00e8ge<\/strong> public de l\u2019<strong>H\u00e9rault<\/strong> a \u00e9t\u00e9 inaugur\u00e9, ce jeudi 4 septembre, par le pr\u00e9sident du D\u00e9partement, <strong>Kl\u00e9ber Mesquida<\/strong>, la rectrice d\u2019Acad\u00e9mie, Carole Drucker-Godard et par le maire Jean-Luc Savy. La semaine prochaine, ce sera le coll\u00e8ge de Maraussan, \u00e0 l\u2019Ouest du d\u00e9partement qui sera inaugur\u00e9 et portera \u00e0 83, le nombre d\u2019\u00e9tablissements dans l\u2019H\u00e9rault.\u00a0<\/p>\n<p class=\" wall-content\">\u00c0 Juvignac, 422 coll\u00e9giens ont effectu\u00e9 leur rentr\u00e9e ce 1er septembre, mais \u00e0 terme, le coll\u00e8ge pourra accueillir jusqu\u2019\u00e0 700 \u00e9l\u00e8ves, de la sixi\u00e8me \u00e0 la troisi\u00e8me, originaires de Juvignac, de Saint-Georges-d\u2019Orques, de Lav\u00e9rune, ainsi que de certains quartiers de Montpellier.\u00a0<\/p>\n<p>    <a href=\"https:\/\/www.google.com\/maps\/embed?pb=!1m18!1m12!1m3!1d1444.2712570277272!2d3.80991112241763!3d43.61606623108116!2m3!1f0!2f0!3f0!3m2!1i1024!2i768!4f13.1!3m3!1m2!1s0x12b6ac340716bc2b%3A0xccf3d619df669d28!2sRue%20Callisto%2C%2034990%20Juvignac!5e0!3m2!1sfr!2sfr!4v1756991711174!5m2!1sfr!2sfr\" title=\"Ouvrie le lien\" rel=\"nofollow noopener\" target=\"_blank\">Cliquez ici pour visualiser le contenu<\/a><\/p>\n<p>    <img   decoding=\"async\" loading=\"lazy\" src=\"https:\/\/www.europesays.com\/fr\/wp-content\/uploads\/2025\/09\/img-0257-960x640.jpg\" alt=\"d\" width=\"960\" height=\"640\"\/><br \/>\n    Un coll\u00e8ge en bois. (\u00a9AB\/M\u00e9tropolitain)B\u00e2timent durable<\/p>\n<p class=\" wall-content\">Le b\u00e2timent dessin\u00e9 par AER Architectures et Emmanuel Brochier se distingue par sa construction en bois. Le bois, il en est d\u2019ailleurs \u00e9galement question concernant le mode de chauffage du coll\u00e8ge qui est aliment\u00e9 par une chaufferie de quartier. Enfin, <a href=\"http:\/\/es-de-montpellier-le-college-nouvelle-generation-se-devoile-a-juvignac_62640150.html\" rel=\"nofollow noopener\" target=\"_blank\">comme nous le r\u00e9v\u00e9lions il y a quelques mois<\/a>, l\u2019\u00e9tablissement a \u00e9t\u00e9 con\u00e7u pour r\u00e9pondre aux enjeux soci\u00e9taux. Outre le r\u00e9chauffement climatique et la n\u00e9cessit\u00e9 de construire des b\u00e2timents durables, la conception de ce coll\u00e8ge a \u00e9t\u00e9 guid\u00e9e \u00e9galement par le besoin en inclusion, avec notamment des classes sp\u00e9cialis\u00e9es pour accueillir des p\u00e9dagogies et des enseignements adapt\u00e9s (avec notamment une classe Ulis accueillant 7 \u00e9l\u00e8ves), mais \u00e9galement par le souci de cr\u00e9er des espaces apais\u00e9s et partag\u00e9s, \u00e0 l\u2019image de la cour de r\u00e9cr\u00e9ation et ces \u00eelots propices aux \u00e9changes entre \u00e9l\u00e8ves.<\/p>\n<p>Vid\u00e9os : en ce moment sur Actu<br \/>\n    <img   decoding=\"async\" loading=\"lazy\" src=\"https:\/\/www.europesays.com\/fr\/wp-content\/uploads\/2025\/09\/img-0254-960x640.jpg\" alt=\"d\" width=\"960\" height=\"640\"\/><br \/>\n    Kl\u00e9ber Mesquida (\u00e0 droite) et Jean-Luc Savy ont d\u00e9voil\u00e9 la plaque inaugurale ce jeudi 4 septembre. (\u00a9AB\/M\u00e9tropolitain)<\/p>\n<p class=\" wall-content\">En juillet, nous avions pu assister \u00e0 la Journ\u00e9e portes ouvertes organis\u00e9e pour les futurs \u00e9l\u00e8ves, <a href=\"https:\/\/fb.watch\/BVi_VO7xnT\/\" rel=\"nofollow noopener\" target=\"_blank\">l\u2019occasion de r\u00e9v\u00e9ler en images ce coll\u00e8ge moderne<\/a>.\u00a0<\/p>\n<p class=\" wall-content\">Personnalisez votre actualit\u00e9 en ajoutant vos villes et m\u00e9dias en favori avec <a href=\"https:\/\/moncompte.actu.fr\" title=\"D\u00e9couvez Mon Actu\" rel=\"nofollow noopener\" data-trk=\"{&quot;cta&quot;:{&quot;action&quot;:&quot;https:\\\/\\\/moncompte.actu.fr&quot;,&quot;category&quot;:&quot;mon compte&quot;,&quot;from&quot;:&quot;article footer&quot;,&quot;name&quot;:&quot;Mon actu&quot;,&quot;type&quot;:&quot;cta&quot;}}\" target=\"_blank\">Mon Actu<\/a>.<\/p>\n","protected":false},"excerpt":{"rendered":"Par R\u00e9daction M\u00e9tropolitain Publi\u00e9 le 4 sept. 2025 \u00e0 15h31 ; mis \u00e0 jour le 4 sept. 2025&hellip;\n","protected":false},"author":2,"featured_media":365789,"comment_status":"","ping_status":"","sticky":false,"template":"","format":"standard","meta":{"footnotes":""},"categories":[9599],"tags":[1111,11,1777,674,1011,27,2208,12,2680,25,104],"class_list":{"0":"post-365788","1":"post","2":"type-post","3":"status-publish","4":"format-standard","5":"has-post-thumbnail","7":"category-montpellier","8":"tag-actu","9":"tag-actualites","10":"tag-eu","11":"tag-europe","12":"tag-fr","13":"tag-france","14":"tag-montpellier","15":"tag-news","16":"tag-occitanie","17":"tag-republique-francaise","18":"tag-societe"},"share_on_mastodon":{"url":"https:\/\/pubeurope.com\/@fr\/115146322788210356","error":""},"_links":{"self":[{"href":"https:\/\/www.europesays.com\/fr\/wp-json\/wp\/v2\/posts\/365788","targetHints":{"allow":["GET"]}}],"collection":[{"href":"https:\/\/www.europesays.com\/fr\/wp-json\/wp\/v2\/posts"}],"about":[{"href":"https:\/\/www.europesays.com\/fr\/wp-json\/wp\/v2\/types\/post"}],"author":[{"embeddable":true,"href":"https:\/\/www.europesays.com\/fr\/wp-json\/wp\/v2\/users\/2"}],"replies":[{"embeddable":true,"href":"https:\/\/www.europesays.com\/fr\/wp-json\/wp\/v2\/comments?post=365788"}],"version-history":[{"count":0,"href":"https:\/\/www.europesays.com\/fr\/wp-json\/wp\/v2\/posts\/365788\/revisions"}],"wp:featuredmedia":[{"embeddable":true,"href":"https:\/\/www.europesays.com\/fr\/wp-json\/wp\/v2\/media\/365789"}],"wp:attachment":[{"href":"https:\/\/www.europesays.com\/fr\/wp-json\/wp\/v2\/media?parent=365788"}],"wp:term":[{"taxonomy":"category","embeddable":true,"href":"https:\/\/www.europesays.com\/fr\/wp-json\/wp\/v2\/categories?post=365788"},{"taxonomy":"post_tag","embeddable":true,"href":"https:\/\/www.europesays.com\/fr\/wp-json\/wp\/v2\/tags?post=365788"}],"curies":[{"name":"wp","href":"https:\/\/api.w.org\/{rel}","templated":true}]}}