{"id":365790,"date":"2025-09-04T13:43:10","date_gmt":"2025-09-04T13:43:10","guid":{"rendered":"https:\/\/www.europesays.com\/fr\/365790\/"},"modified":"2025-09-04T13:43:10","modified_gmt":"2025-09-04T13:43:10","slug":"xv-de-france-la-moins-bonne-personne-sur-terre-fabien-galthie-severement-critique-par-lun-de-ses-anciens-joueurs-a-montpellier","status":"publish","type":"post","link":"https:\/\/www.europesays.com\/fr\/365790\/","title":{"rendered":"XV de France\u00a0: \u00ab\u00a0La moins bonne personne sur Terre\u00a0!\u00a0\u00bb Fabien Galthi\u00e9 s\u00e9v\u00e8rement critiqu\u00e9 par l\u2019un de ses anciens joueurs \u00e0 Montpellier"},"content":{"rendered":"<p>\n                                                                    l&rsquo;essentiel<br \/>\n                                                                \u00c0 la t\u00eate du XV de France depuis 2019, Fabien Galthi\u00e9 a auparavant travaill\u00e9 au Stade Fran\u00e7ais, \u00e0 Montpellier ou encore \u00e0 Toulon. Dans une r\u00e9cente interview, l\u2019un de ses anciens joueurs n\u2019a pas \u00e9t\u00e9 tendre.\n                            <\/p>\n<p>10 ans plus tard, Fred Quercy va retrouver le Top 14. L\u2019international espagnol, form\u00e9 au Montpellier H\u00e9rault Rugby, se pr\u00e9pare \u00e0 un retour en premi\u00e8re division sous les couleurs de l\u2019US Montauban, \u00e9curie qu\u2019il avait connue lors de la saison 2015-2016, qu\u2019il a retrouv\u00e9e depuis 2021 et avec laquelle il a r\u00e9cemment remport\u00e9 le titre de Pro D2, inscrivant notamment un essai en finale face \u00e0 Grenoble (victoire 24-19).<\/p>\n<p class=\"std-elt__inline\">\n        <strong>\u00c0 lire aussi :<\/strong><br \/>\n        <a href=\"https:\/\/www.ladepeche.fr\/article\/2016\/03\/29\/2313372-fred-quercy-comme-une-revanche.html\" rel=\"nofollow noopener\" target=\"_blank\">Fred Quercy  : \u00abComme une revanche\u00bb<\/a>\n    <\/p>\n<p>Dans un entretien accord\u00e9 \u00e0 <a href=\"https:\/\/www.rugbypass.com\/fr\/news\/fred-quercy-montauban-exhume-son-histoire-douloureuse-avec-le-top-14-on-nous-laissait-pourrir-en-espoirs\/\" target=\"_self\" rel=\"nofollow noopener\">RugbyPass<\/a>, le troisi\u00e8me ligne aile, pass\u00e9 \u00e9galement par Albi et Nevers, est notamment revenu sur ses ann\u00e9es montpelli\u00e9raines. Sous les couleurs du MHR, le vainqueur du championnat de France espoirs en 2013 n\u2019aura go\u00fbt\u00e9 qu\u2019\u00e0 sept rencontres de Top 14 et trois d\u2019Heineken Cup. \u00ab\u00a0J\u2019ai fait partie des g\u00e9n\u00e9rations sacrifi\u00e9es de Montpellier. On \u00e9tait une quinzaine de joueurs \u00e0 pourrir en Espoirs jusqu\u2019\u00e0 22 ans.\u00a0On n\u2019avait aucune confiance des coachs, rien. C\u2019\u00e9tait lamentable\u00a0\u00bb regrette-t-il, tout en soulignant que les choses et les mentalit\u00e9s ont chang\u00e9 aujourd\u2019hui.<\/p>\n<p class=\"std-elt__inline\">\n        <strong>\u00c0 lire aussi :<\/strong><br \/>\n        <a href=\"https:\/\/www.ladepeche.fr\/2025\/07\/05\/video-xv-de-france-je-ne-suis-ni-satisfait-ni-fier-apres-la-belle-performance-des-bleus-fabien-galthie-se-veut-exigeant-avec-ses-joueurs-12808167.php\" rel=\"nofollow noopener\" target=\"_blank\">VID\u00c9O. XV de France\u00a0: \u00ab\u00a0Je ne suis ni satisfait ni fier\u2026\u00a0\u00bb Apr\u00e8s la belle performance des Bleus, Fabien Galthi\u00e9 se veut exigeant avec ses joueurs<\/a>\n    <\/p>\n<p>\u00ab\u00a0On sentait bien qu\u2019on ne les int\u00e9ressait pas. On \u00e9tait en plus pay\u00e9s au lance-pierre\u00a0\u00bb relance l\u2019homme aux 164 matchs de Pro D2. Avant d\u2019\u00e9voquer Fabien Galthi\u00e9, coach de la formation h\u00e9raultaise entre\u00a02010 et\u00a02014\u00a0: \u00ab\u00a0On pourrissait en pros, avec notre actuel grand s\u00e9lectionneur de l\u2019\u00e9quipe de France Fabien Galthi\u00e9 qui est je crois la moins bonne personne sur Terre. Il a \u00e9t\u00e9 \u00e0 la fois le meilleur entra\u00eeneur que j\u2019ai eu, indiscutablement \u2013 et pourtant j\u2019en ai eu des bons dans ma carri\u00e8re \u2013 mais aussi la plus grande m**** sur le plan humain.\u00a0\u00bb<\/p>\n","protected":false},"excerpt":{"rendered":"l&rsquo;essentiel \u00c0 la t\u00eate du XV de France depuis 2019, Fabien Galthi\u00e9 a auparavant travaill\u00e9 au Stade Fran\u00e7ais,&hellip;\n","protected":false},"author":2,"featured_media":365791,"comment_status":"","ping_status":"","sticky":false,"template":"","format":"standard","meta":{"footnotes":""},"categories":[9599],"tags":[1111,11,1777,674,1011,27,2208,12,2680,25],"class_list":{"0":"post-365790","1":"post","2":"type-post","3":"status-publish","4":"format-standard","5":"has-post-thumbnail","7":"category-montpellier","8":"tag-actu","9":"tag-actualites","10":"tag-eu","11":"tag-europe","12":"tag-fr","13":"tag-france","14":"tag-montpellier","15":"tag-news","16":"tag-occitanie","17":"tag-republique-francaise"},"share_on_mastodon":{"url":"https:\/\/pubeurope.com\/@fr\/115146326241341278","error":""},"_links":{"self":[{"href":"https:\/\/www.europesays.com\/fr\/wp-json\/wp\/v2\/posts\/365790","targetHints":{"allow":["GET"]}}],"collection":[{"href":"https:\/\/www.europesays.com\/fr\/wp-json\/wp\/v2\/posts"}],"about":[{"href":"https:\/\/www.europesays.com\/fr\/wp-json\/wp\/v2\/types\/post"}],"author":[{"embeddable":true,"href":"https:\/\/www.europesays.com\/fr\/wp-json\/wp\/v2\/users\/2"}],"replies":[{"embeddable":true,"href":"https:\/\/www.europesays.com\/fr\/wp-json\/wp\/v2\/comments?post=365790"}],"version-history":[{"count":0,"href":"https:\/\/www.europesays.com\/fr\/wp-json\/wp\/v2\/posts\/365790\/revisions"}],"wp:featuredmedia":[{"embeddable":true,"href":"https:\/\/www.europesays.com\/fr\/wp-json\/wp\/v2\/media\/365791"}],"wp:attachment":[{"href":"https:\/\/www.europesays.com\/fr\/wp-json\/wp\/v2\/media?parent=365790"}],"wp:term":[{"taxonomy":"category","embeddable":true,"href":"https:\/\/www.europesays.com\/fr\/wp-json\/wp\/v2\/categories?post=365790"},{"taxonomy":"post_tag","embeddable":true,"href":"https:\/\/www.europesays.com\/fr\/wp-json\/wp\/v2\/tags?post=365790"}],"curies":[{"name":"wp","href":"https:\/\/api.w.org\/{rel}","templated":true}]}}