{"id":365792,"date":"2025-09-04T13:44:16","date_gmt":"2025-09-04T13:44:16","guid":{"rendered":"https:\/\/www.europesays.com\/fr\/365792\/"},"modified":"2025-09-04T13:44:16","modified_gmt":"2025-09-04T13:44:16","slug":"course-poursuite-a-rouen-le-conducteur-de-la-voiture-age-de-17-ans-roule-sans-permis","status":"publish","type":"post","link":"https:\/\/www.europesays.com\/fr\/365792\/","title":{"rendered":"Course-poursuite \u00e0 Rouen\u00a0: le conducteur de la voiture \u00e2g\u00e9 de 17 ans roule sans permis"},"content":{"rendered":"<p>Un jeune homme de 17 ans, sans permis et qui avait consomm\u00e9 de la drogue, a \u00e9t\u00e9 interpell\u00e9 \u00e0 Rouen ce mercredi soir apr\u00e8s une course-poursuite avec les forces de l&rsquo;ordre.<\/p>\n<p>Les policiers de Rouen ont interpell\u00e9 ce mercredi soir 3 septembre 2025 un jeune homme de 17 ans dans le quartier de la Grand&rsquo;Mare sur les Hauts de Rouen, sur un parking pr\u00e8s de la tour Antar\u00e8s, <strong>au terme d&rsquo;une course-poursuite<\/strong>. Celle-ci a d\u00e9but\u00e9 rue des Belges \u00e0 Darn\u00e9tal, o\u00f9 une voiture Polo qui roulait \u00e0 tr\u00e8s vive allure a \u00e9t\u00e9 rep\u00e9r\u00e9e.<\/p>\n<p>Les policiers ont activ\u00e9 leur syst\u00e8me d&rsquo;avertisseur sonore, mais <strong>le conducteur a pris la fuite<\/strong>, empruntant des rues \u00e0 contresens et roulant sur l&rsquo;\u00eelot central d&rsquo;un rond-point. Les forces de l&rsquo;ordre ont d\u00fb utiliser un syst\u00e8me pour crever les pneus de la voiture (un dispositif appel\u00e9 DIVA) et l&rsquo;immobiliser.<\/p>\n<p>Le conducteur a pris place \u00e0 l&rsquo;arri\u00e8re, pour tenter de brouiller les pistes. Et pour cause, <strong>il n&rsquo;a pas le permis de conduire et avait consomm\u00e9 de la drogue<\/strong>. Il a \u00e9t\u00e9 plac\u00e9 en garde \u00e0 vue. \u00c0 bord de la voiture se trouvait \u00e9galement un passager \u00e2g\u00e9 de 16 ans.<\/p>\n","protected":false},"excerpt":{"rendered":"Un jeune homme de 17 ans, sans permis et qui avait consomm\u00e9 de la drogue, a \u00e9t\u00e9 interpell\u00e9&hellip;\n","protected":false},"author":2,"featured_media":365793,"comment_status":"","ping_status":"","sticky":false,"template":"","format":"standard","meta":{"footnotes":""},"categories":[9587],"tags":[1111,11,1777,674,1011,27,12,5161,25,9590],"class_list":{"0":"post-365792","1":"post","2":"type-post","3":"status-publish","4":"format-standard","5":"has-post-thumbnail","7":"category-rouen","8":"tag-actu","9":"tag-actualites","10":"tag-eu","11":"tag-europe","12":"tag-fr","13":"tag-france","14":"tag-news","15":"tag-normandie","16":"tag-republique-francaise","17":"tag-rouen"},"share_on_mastodon":{"url":"https:\/\/pubeurope.com\/@fr\/115146330194384833","error":""},"_links":{"self":[{"href":"https:\/\/www.europesays.com\/fr\/wp-json\/wp\/v2\/posts\/365792","targetHints":{"allow":["GET"]}}],"collection":[{"href":"https:\/\/www.europesays.com\/fr\/wp-json\/wp\/v2\/posts"}],"about":[{"href":"https:\/\/www.europesays.com\/fr\/wp-json\/wp\/v2\/types\/post"}],"author":[{"embeddable":true,"href":"https:\/\/www.europesays.com\/fr\/wp-json\/wp\/v2\/users\/2"}],"replies":[{"embeddable":true,"href":"https:\/\/www.europesays.com\/fr\/wp-json\/wp\/v2\/comments?post=365792"}],"version-history":[{"count":0,"href":"https:\/\/www.europesays.com\/fr\/wp-json\/wp\/v2\/posts\/365792\/revisions"}],"wp:featuredmedia":[{"embeddable":true,"href":"https:\/\/www.europesays.com\/fr\/wp-json\/wp\/v2\/media\/365793"}],"wp:attachment":[{"href":"https:\/\/www.europesays.com\/fr\/wp-json\/wp\/v2\/media?parent=365792"}],"wp:term":[{"taxonomy":"category","embeddable":true,"href":"https:\/\/www.europesays.com\/fr\/wp-json\/wp\/v2\/categories?post=365792"},{"taxonomy":"post_tag","embeddable":true,"href":"https:\/\/www.europesays.com\/fr\/wp-json\/wp\/v2\/tags?post=365792"}],"curies":[{"name":"wp","href":"https:\/\/api.w.org\/{rel}","templated":true}]}}