{"id":365794,"date":"2025-09-04T13:45:38","date_gmt":"2025-09-04T13:45:38","guid":{"rendered":"https:\/\/www.europesays.com\/fr\/365794\/"},"modified":"2025-09-04T13:45:38","modified_gmt":"2025-09-04T13:45:38","slug":"le-running-ici","status":"publish","type":"post","link":"https:\/\/www.europesays.com\/fr\/365794\/","title":{"rendered":"Le Running &#8211; ici"},"content":{"rendered":"<p>   <img decoding=\"async\" src=\"https:\/\/www.europesays.com\/fr\/wp-content\/uploads\/2025\/09\/1756993538_394_1200x680\" alt=\"illustration agrandir l'image\" style=\"--_image-preview:url('data:image\/jpeg;base64,\/9j\/2wBDACgcHiMeGSgjISMtKygwPGRBPDc3PHtYXUlkkYCZlo+AjIqgtObDoKrarYqMyP\/L2u71\/\/\/\/m8H\/\/\/\/6\/+b9\/\/j\/2wBDASstLTw1PHZBQXb4pYyl+Pj4+Pj4+Pj4+Pj4+Pj4+Pj4+Pj4+Pj4+Pj4+Pj4+Pj4+Pj4+Pj4+Pj4+Pj4+Pj4+Pj\/wAARCAAqACoDASIAAhEBAxEB\/8QAGAAAAwEBAAAAAAAAAAAAAAAAAQIDAAT\/xAAXEAEBAQEAAAAAAAAAAAAAAAAAAQIR\/8QAFwEBAQEBAAAAAAAAAAAAAAAAAQIAA\/\/EABYRAQEBAAAAAAAAAAAAAAAAAAABEf\/aAAwDAQACEQMRAD8A6ugSaNHRzZoPG4NIw3SidDmzVcoZquamiKw3C5MFNwBYhw5VzUoplkxbNPKnk8Ch6zAWf\/\/Z');\" loading=\"eager\" fetchpriority=\"high\" aria-hidden=\"true\" class=\"svelte-1pnmlwx rounded\" onload=\"this.__e=event\" onerror=\"this.__e=event\"\/> Running d\u00e9couverte de Rouen &#8211; Isabelle Le Brun    <\/p>\n<p class=\"g-ici-body-regular-3 info svelte-1a514ib\">Diffus\u00e9 le jeudi 4 septembre 2025 \u00e0 9:09 <\/p>\n<p class=\"g-ici-body-regular-3 info svelte-1a514ib\">Publi\u00e9 le jeudi 4 septembre 2025 \u00e0 9:09 <\/p>\n<p class=\"g-ici-body-bold-1 standFirst svelte-g22axr\">Rouen est dans le top 3 des villes fran\u00e7aises les plus \u00ab\u00a0Running-Friendly\u00a0\u00bb, plus agr\u00e9ables pour pratiquer la course \u00e0 pied<br \/>\nSelon Zava, le service de t\u00e9l\u00e9consultation m\u00e9dicale<br \/>\nRouen se classe derri\u00e8re Caen et Besan\u00e7on mais devant Nantes, Lille et Bordeaux<\/p>\n<p>Jimmy\u00a0<a target=\"_blank\" rel=\"nofollow noopener noreferrer\" class=\"IciLink ici-link IciArticleLink g-ici-body-regular-1 underline brand svelte-lu7k6w\" href=\"https:\/\/jg-sports-events.fr\/\">JG sports Events<\/a>\u00a0\u00e0 St Martin de Boscherville pratique la course \u00e0 pied depuis tr\u00e8s longtemps<\/p>\n<p>Laurence g\u00e9rante de la salle de sports\u00a0<a target=\"_blank\" rel=\"nofollow noopener noreferrer\" class=\"IciLink ici-link IciArticleLink g-ici-body-regular-1 underline brand svelte-lu7k6w\" href=\"https:\/\/www.planetebienetre.fr\/\">Plan\u00e8te bien- \u00eatre<\/a>\u00a0\u00e0 Rouen a mis en place des s\u00e9ance\u00a0<a target=\"_blank\" rel=\"nofollow noopener noreferrer\" class=\"IciLink ici-link IciArticleLink g-ici-body-regular-1 underline brand svelte-lu7k6w\" href=\"https:\/\/www.normandie-tourisme.fr\/experience\/run-visit-rouen\/\">de course \u00e0 pied et d\u00e9couverte<\/a>\u00a0de la ville de Rouen pour allier la culture au sport . 9 euros la s\u00e9ance<\/p>\n<ul class=\"SocialNetworks svelte-bt5901\">\n<li class=\"svelte-bt5901\"><\/li>\n<li class=\"svelte-bt5901\"><\/li>\n<li class=\"svelte-bt5901\"><\/li>\n<li class=\"svelte-bt5901\"><\/li>\n<li class=\"svelte-bt5901\"><\/li>\n<\/ul>\n<p class=\"g-ici-body-regular-3 description svelte-1vha4t1\">Tous les vendredis, recevez le meilleur de la semaine d\u2019ici Normandie (Seine-Maritime &#8211; Eure)\u00a0: certifi\u00e9 100% local\u00a0!<\/p>\n<p>En cliquant sur \u00ab\u00a0S\u2019abonner\u00a0\u00bb, j&rsquo;accepte que les donn\u00e9es recueillies par<br \/>\n        Radio France soient destin\u00e9es \u00e0 l&rsquo;envoi par courrier \u00e9lectronique de<br \/>\n        contenus et d&rsquo;informations relatifs aux programmes. Plus d&rsquo;informations.<\/p>\n<p>Les \u00e9pisodes de l\u2019\u00e9mission\u00a0: Bienvenue chez vous, ici Normandie<\/p>\n<p class=\"IciLink ici-link disabled title no-color g-ici-title-5 svelte-lu7k6w\">Bienvenue chez vous, ici Normandie<\/p>\n<p>Sur le m\u00eame th\u00e8me<\/p>\n<ul slot=\"container\" class=\"content svelte-bu824\">\n<li class=\"IciCard  standard svelte-19qbux1\">\n<p class=\"standfirst g-ici-body-regular-2 svelte-19qbux1\">Bienvenue au Club est ce lundi soir en direct du village d\u00e9part de la Solitaire du Figaro, \u00e0 Rouen. A quelques jours du grand d\u00e9part, le skipper dieppois Yvon Larnicol r\u00e9pond \u00e0 nos questions.<\/p>\n<\/li>\n<li class=\"IciCard  standard svelte-19qbux1\">\n<p class=\"standfirst g-ici-body-regular-2 svelte-19qbux1\">Le jeune Normand Fiorenzo Villard a deux casquettes\u00a0: hockeyeur et infirmier\u00a0! \u00c0 20 ans, il vient de d\u00e9crocher son dipl\u00f4me \u00e0 l&rsquo;Institut de formation en soin infirmier du CHU de Rouen ainsi que son premier contrat professionnel aux Ducs d&rsquo;Angers, au terme d&rsquo;\u00e9tudes am\u00e9nag\u00e9es sur mesure.<\/p>\n<\/li>\n<li class=\"IciCard  standard svelte-19qbux1\">\n<p class=\"standfirst g-ici-body-regular-2 svelte-19qbux1\">Au Stade Sottevillais \u00e0 Sotteville-l\u00e8s-Rouen, les performances et les records s&rsquo;encha\u00eenent depuis cet hiver. Alors que les championnats d&rsquo;Europe d&rsquo;athl\u00e9tisme U20 commencent ce jeudi \u00e0 Tampere en Finlande, le club a envoy\u00e9 trois repr\u00e9sentants qui vont porter le maillot de l&rsquo;\u00e9quipe de France.<\/p>\n<\/li>\n<li class=\"IciCard  standard svelte-19qbux1\">\n<p class=\"standfirst g-ici-body-regular-2 svelte-19qbux1\">Depuis mercredi 4 juin, Rouen accueille la Baseball European Cup, l&rsquo;\u00e9quivalent de la Ligue Europa au football. Mais cette ann\u00e9e, l&rsquo;association organisatrice exige des commentaires de match en anglais pour les retransmissions. Les Huskies, le club de Rouen, ont donc d\u00fb faire appel \u00e0 des volontaires.<\/p>\n<\/li>\n<\/ul>\n","protected":false},"excerpt":{"rendered":"Running d\u00e9couverte de Rouen &#8211; Isabelle Le Brun Diffus\u00e9 le jeudi 4 septembre 2025 \u00e0 9:09 Publi\u00e9 le&hellip;\n","protected":false},"author":2,"featured_media":365795,"comment_status":"","ping_status":"","sticky":false,"template":"","format":"standard","meta":{"footnotes":""},"categories":[9587],"tags":[1111,11,1777,674,1011,27,12,5161,25,9590],"class_list":{"0":"post-365794","1":"post","2":"type-post","3":"status-publish","4":"format-standard","5":"has-post-thumbnail","7":"category-rouen","8":"tag-actu","9":"tag-actualites","10":"tag-eu","11":"tag-europe","12":"tag-fr","13":"tag-france","14":"tag-news","15":"tag-normandie","16":"tag-republique-francaise","17":"tag-rouen"},"share_on_mastodon":{"url":"https:\/\/pubeurope.com\/@fr\/115146334270412002","error":""},"_links":{"self":[{"href":"https:\/\/www.europesays.com\/fr\/wp-json\/wp\/v2\/posts\/365794","targetHints":{"allow":["GET"]}}],"collection":[{"href":"https:\/\/www.europesays.com\/fr\/wp-json\/wp\/v2\/posts"}],"about":[{"href":"https:\/\/www.europesays.com\/fr\/wp-json\/wp\/v2\/types\/post"}],"author":[{"embeddable":true,"href":"https:\/\/www.europesays.com\/fr\/wp-json\/wp\/v2\/users\/2"}],"replies":[{"embeddable":true,"href":"https:\/\/www.europesays.com\/fr\/wp-json\/wp\/v2\/comments?post=365794"}],"version-history":[{"count":0,"href":"https:\/\/www.europesays.com\/fr\/wp-json\/wp\/v2\/posts\/365794\/revisions"}],"wp:featuredmedia":[{"embeddable":true,"href":"https:\/\/www.europesays.com\/fr\/wp-json\/wp\/v2\/media\/365795"}],"wp:attachment":[{"href":"https:\/\/www.europesays.com\/fr\/wp-json\/wp\/v2\/media?parent=365794"}],"wp:term":[{"taxonomy":"category","embeddable":true,"href":"https:\/\/www.europesays.com\/fr\/wp-json\/wp\/v2\/categories?post=365794"},{"taxonomy":"post_tag","embeddable":true,"href":"https:\/\/www.europesays.com\/fr\/wp-json\/wp\/v2\/tags?post=365794"}],"curies":[{"name":"wp","href":"https:\/\/api.w.org\/{rel}","templated":true}]}}