{"id":365796,"date":"2025-09-04T13:46:13","date_gmt":"2025-09-04T13:46:13","guid":{"rendered":"https:\/\/www.europesays.com\/fr\/365796\/"},"modified":"2025-09-04T13:46:13","modified_gmt":"2025-09-04T13:46:13","slug":"on-en-sait-plus-sur-les-actions-prevues-le-10-septembre","status":"publish","type":"post","link":"https:\/\/www.europesays.com\/fr\/365796\/","title":{"rendered":"on en sait plus sur les actions pr\u00e9vues le 10 septembre"},"content":{"rendered":"<p>            Par<br \/>\n        <strong><br \/>\n            <a href=\"https:\/\/actu.fr\/auteur\/lisa-rodrigues\" title=\"Consulter tous les articles de Lisa Rodrigues\" target=\"_blank\" rel=\"noopener\">Lisa Rodrigues<\/a><br \/>\n        <\/strong><\/p>\n<p>        Publi\u00e9 le<\/p>\n<p>            4 sept. 2025 \u00e0 11h02        <\/p>\n<p>Le mouvement est parti des r\u00e9seaux sociaux et a essaim\u00e9 dans la plupart des grandes villes de France pour protester contre les <a href=\"https:\/\/actu.fr\/politique\/si-francois-bayrou-prend-la-porte-que-va-devenir-son-budget-2026-et-les-deux-jours-feries-supprimes_63080404.html\" target=\"_blank\" rel=\"noopener\">mesures d\u2019\u00e9conomie<\/a> voulues par Fran\u00e7ois Bayrou. Le mot d\u2019ordre : <strong>\u00ab\u00a0Bloquons tout\u00a0\u00bb<\/strong>, avec la date du <strong>mercredi 10 septembre<\/strong> marqu\u00e9e au fer rouge par des groupes de citoyens se d\u00e9finissant hors des partis politiques et syndicats, rappelant les d\u00e9buts des Gilets jaunes.<br \/>\u00c0 <a href=\"https:\/\/actu.fr\/auvergne-rhone-alpes\/grenoble_38185\" target=\"_blank\" rel=\"noopener\">Grenoble<\/a>, diverses actions sont pr\u00e9vues d\u00e8s le d\u00e9but de la semaine. Voici lesquelles.<\/p>\n<p>Premi\u00e8re date le 8 septembre<\/p>\n<p class=\" wall-content\">Depuis cet \u00e9t\u00e9, un groupe d\u2019une centaine de personnes se r\u00e9unit r\u00e9guli\u00e8rement au pied de la Tour Perret pour organiser la journ\u00e9e du 10 septembre sur Grenoble. Une prochaine assembl\u00e9e g\u00e9n\u00e9rale est d\u2019ailleurs annonc\u00e9e samedi 6 septembre en fin de journ\u00e9e pour acter des derniers d\u00e9tails de la mobilisation.<\/p>\n<p class=\" wall-content\">Sur des messages relay\u00e9s sur les r\u00e9seaux sociaux par des citoyens et groupes soutenant <a href=\"https:\/\/actu.fr\/politique\/la-france-bloquee-le-10-septembre-cinq-questions-pour-tout-comprendre-a-cet-appel-massif-a-faire-greve_63061304.html\" target=\"_blank\" rel=\"noopener\">le mouvement \u00ab\u00a0Bloquons tout\u00a0\u00bb<\/a>, une premi\u00e8re date grenobloise est annonc\u00e9e lundi 8 septembre, jour du <a href=\"https:\/\/actu.fr\/politique\/francois-bayrou-demande-un-vote-de-confiance-c-est-quoi-ce-mecanisme-qui-peut-faire-tomber-son-gouvernement_63075350.html\" target=\"_blank\" rel=\"noopener\">vote de confiance<\/a> du gouvernement \u00e0 l\u2019Assembl\u00e9e nationale : <strong>un \u00ab\u00a0pot de d\u00e9part\u00a0\u00bb<\/strong> de <a href=\"https:\/\/actu.fr\/tag\/francois-bayrou\" target=\"_blank\" rel=\"noopener\">Fran\u00e7ois Bayrou<\/a> est pr\u00e9vu place Docteur-L\u00e9on-Martin \u00e0 18 heures, avec musique et repas partag\u00e9.<\/p>\n<p>    <a href=\"https:\/\/www.google.com\/maps\/embed?pb=!1m18!1m12!1m3!1d2811.9672905461944!2d5.724862876135479!3d45.18775837107076!2m3!1f0!2f0!3f0!3m2!1i1024!2i768!4f13.1!3m3!1m2!1s0x478af48c1e9a878b%3A0xd67022c197f2a467!2sPl.%20Dr%20L%C3%A9on%20Martin%2C%2038000%20Grenoble!5e0!3m2!1sfr!2sfr!4v1756914647137!5m2!1sfr!2sfr\" title=\"Ouvrie le lien\" target=\"_blank\" rel=\"noopener\">Cliquez ici pour visualiser le contenu<\/a><\/p>\n<p class=\" wall-content\">Puis, le 10 septembre, la \u00ab\u00a0<strong>grande manifestation<\/strong>\u00a0\u00bb du mouvement va partir \u00e0 16 heures de la place Victor-Hugo, pour rejoindre la Porte de France, la pr\u00e9fecture et se terminer \u00e0 la Tour Perret.<\/p>\n<p>Des soutiens politiques et syndicaux<\/p>\n<p class=\" wall-content\">Si les organisateurs revendiquent une journ\u00e9e de mobilisation non partisane, des syndicats locaux, comme <strong>Solidaires<\/strong>, et responsables politiques is\u00e9rois ont tout de m\u00eame apport\u00e9 leur soutien au mouvement.<\/p>\n<p>Votre r\u00e9gion, votre actu !<\/p>\n<p>Recevez chaque jour les infos qui comptent pour vous.<\/p>\n<p>\t<a href=\"https:\/\/actu.fr\/newsletter\" class=\"ac-btn ac-btn--corner ac-btn--medium ac-btn--blue800\" target=\"_blank\" rel=\"noopener\">S&rsquo;incrire<\/a><\/p>\n<p class=\" wall-content\">C\u2019est notamment le cas d\u2019une des deux chefs de file LFI pour les <a href=\"https:\/\/actu.fr\/auvergne-rhone-alpes\/grenoble_38185\/grenoble-voici-les-candidats-prets-a-remplacer-eric-piolle-des-surprises-possibles_63109106.html\" target=\"_blank\" rel=\"noopener\">municipales \u00e0 Grenoble<\/a>, la d\u00e9put\u00e9e <strong>\u00c9lisa Martin<\/strong>. Son parti soutient \u00e9galement le mouvement \u00ab\u00a0Bloquons tout\u00a0\u00bb \u00e0 l\u2019\u00e9chelle nationale.<\/p>\n<p>    <a href=\"https:\/\/www.facebook.com\/plugins\/post.php?href=https%3A%2F%2Fwww.facebook.com%2FElisaMartinGre%2Fposts%2Fpfbid0s3fYPMi1sPgmTKKmZgdbp8fAxvASh3PpZAF9C4kQn2EsRWodXdxg1pT2Zom5rquSl&amp;show_text=true&amp;width=350\" title=\"Ouvrie le lien\" target=\"_blank\" rel=\"noopener\">Cliquez ici pour visualiser le contenu<\/a><\/p>\n<p>D\u2019autres rendez-vous ailleurs en Is\u00e8re<\/p>\n<p class=\" wall-content\">Il est \u00e0 noter que d\u2019autres mobilisations sont pr\u00e9vus ailleurs en Is\u00e8re, comme \u00e0 <a href=\"https:\/\/actu.fr\/auvergne-rhone-alpes\/vienne_38544\" target=\"_blank\" rel=\"noopener\">Vienne<\/a> ou <a href=\"https:\/\/actu.fr\/auvergne-rhone-alpes\/bourgoin-jallieu_38053\" target=\"_blank\" rel=\"noopener\">Bourgoin-Jallieu<\/a> o\u00f9 des groupes se sont r\u00e9guli\u00e8rement rencontr\u00e9s pour pr\u00e9parer la journ\u00e9e du 10 septembre.<\/p>\n<p class=\" wall-content\">Un <strong>blocage de la zone logistique de Saint-Quentin-Fallavier<\/strong> \u2013 o\u00f9 <a href=\"https:\/\/actu.fr\/auvergne-rhone-alpes\/saint-quentin-fallavier_38449\/agriculteurs-en-colere-le-peage-de-l-a43-pres-de-lyon-bloque-jusqu-a-lundi-5-fevrier_60646321.html\" target=\"_blank\" rel=\"noopener\">le p\u00e9age<\/a> est r\u00e9guli\u00e8rement la cible de divers mouvements citoyens de contestation \u2013 est aussi envisag\u00e9.<\/p>\n<p class=\" wall-content\">Personnalisez votre actualit\u00e9 en ajoutant vos villes et m\u00e9dias en favori avec <a href=\"https:\/\/moncompte.actu.fr\" title=\"D\u00e9couvez Mon Actu\" rel=\"nofollow noopener\" data-trk=\"{&quot;cta&quot;:{&quot;action&quot;:&quot;https:\\\/\\\/moncompte.actu.fr&quot;,&quot;category&quot;:&quot;mon compte&quot;,&quot;from&quot;:&quot;article footer&quot;,&quot;name&quot;:&quot;Mon actu&quot;,&quot;type&quot;:&quot;cta&quot;}}\" target=\"_blank\">Mon Actu<\/a>.<\/p>\n","protected":false},"excerpt":{"rendered":"Par Lisa Rodrigues Publi\u00e9 le 4 sept. 2025 \u00e0 11h02 Le mouvement est parti des r\u00e9seaux sociaux et&hellip;\n","protected":false},"author":2,"featured_media":93842,"comment_status":"","ping_status":"","sticky":false,"template":"","format":"standard","meta":{"footnotes":""},"categories":[9566],"tags":[1111,11,2430,1777,674,1011,27,431,2731,6151,1272,12,25,104],"class_list":{"0":"post-365796","1":"post","2":"type-post","3":"status-publish","4":"format-standard","5":"has-post-thumbnail","7":"category-grenoble","8":"tag-actu","9":"tag-actualites","10":"tag-auvergne-rhone-alpes","11":"tag-eu","12":"tag-europe","13":"tag-fr","14":"tag-france","15":"tag-francois-bayrou","16":"tag-grenoble","17":"tag-greve","18":"tag-manifestations","19":"tag-news","20":"tag-republique-francaise","21":"tag-societe"},"share_on_mastodon":{"url":"https:\/\/pubeurope.com\/@fr\/115146338166789779","error":""},"_links":{"self":[{"href":"https:\/\/www.europesays.com\/fr\/wp-json\/wp\/v2\/posts\/365796","targetHints":{"allow":["GET"]}}],"collection":[{"href":"https:\/\/www.europesays.com\/fr\/wp-json\/wp\/v2\/posts"}],"about":[{"href":"https:\/\/www.europesays.com\/fr\/wp-json\/wp\/v2\/types\/post"}],"author":[{"embeddable":true,"href":"https:\/\/www.europesays.com\/fr\/wp-json\/wp\/v2\/users\/2"}],"replies":[{"embeddable":true,"href":"https:\/\/www.europesays.com\/fr\/wp-json\/wp\/v2\/comments?post=365796"}],"version-history":[{"count":0,"href":"https:\/\/www.europesays.com\/fr\/wp-json\/wp\/v2\/posts\/365796\/revisions"}],"wp:featuredmedia":[{"embeddable":true,"href":"https:\/\/www.europesays.com\/fr\/wp-json\/wp\/v2\/media\/93842"}],"wp:attachment":[{"href":"https:\/\/www.europesays.com\/fr\/wp-json\/wp\/v2\/media?parent=365796"}],"wp:term":[{"taxonomy":"category","embeddable":true,"href":"https:\/\/www.europesays.com\/fr\/wp-json\/wp\/v2\/categories?post=365796"},{"taxonomy":"post_tag","embeddable":true,"href":"https:\/\/www.europesays.com\/fr\/wp-json\/wp\/v2\/tags?post=365796"}],"curies":[{"name":"wp","href":"https:\/\/api.w.org\/{rel}","templated":true}]}}