{"id":365797,"date":"2025-09-04T13:47:27","date_gmt":"2025-09-04T13:47:27","guid":{"rendered":"https:\/\/www.europesays.com\/fr\/365797\/"},"modified":"2025-09-04T13:47:27","modified_gmt":"2025-09-04T13:47:27","slug":"deux-hommes-ont-ete-interpelles-apres-lagression-dun-boulanger-a-grenoble","status":"publish","type":"post","link":"https:\/\/www.europesays.com\/fr\/365797\/","title":{"rendered":"Deux hommes ont \u00e9t\u00e9 interpell\u00e9s apr\u00e8s l\u2019agression d\u2019un boulanger \u00e0 Grenoble"},"content":{"rendered":"<p class=\"article__intro\">Deux hommes majeurs ont \u00e9t\u00e9 arr\u00eat\u00e9s ce mercredi 3 septembre en fin de journ\u00e9e \u00e0 Grenoble dans le cadre de l\u2019enqu\u00eate sur l\u2019agression d\u2019un boulanger ce lundi. L\u2019homme \u00e2g\u00e9 de 24 ans avait re\u00e7u deux coups de couteau alors qu\u2019il tentait d\u2019emp\u00eacher un vol de pain.<\/p>\n<p>\n      L\u2019actu des r\u00e9gions\n    <\/p>\n<p>\n      Chaque jour, un tour d\u2019horizon des principales infos de toutes les r\u00e9gions.\n    <\/p>\n<p>    France T\u00e9l\u00e9visions utilise votre adresse e-mail afin de vous envoyer la newsletter \u00ab\u00a0L\u2019actu des r\u00e9gions\u00a0\u00bb. Vous pouvez vous d\u00e9sinscrire \u00e0 tout moment via le lien en bas de cette newsletter. <a target=\"_blank\" href=\"https:\/\/www.francetelevisions.fr\/groupe\/confidentialite\/politique-de-confidentialite\/politique-de-confidentialite-de-france-televisions-6503\" rel=\"nofollow noopener\">Notre politique de confidentialit\u00e9<\/a><\/p>\n<p>Deux hommes ont \u00e9t\u00e9 interpell\u00e9s ce mercredi 3 septembre \u00e0 Grenoble dans le cadre de l&rsquo;enqu\u00eate sur l&rsquo;agression lundi d&rsquo;un boulanger, apprend-on ce jeudi, confirmant une information du Dauphin\u00e9 Lib\u00e9r\u00e9. Les deux suspects ont \u00e9t\u00e9 plac\u00e9s en garde \u00e0 vue.<\/p>\n<p><a href=\"https:\/\/france3-regions.franceinfo.fr\/auvergne-rhone-alpes\/isere\/grenoble\/un-boulanger-agresse-au-couteau-pour-un-vol-de-pain-a-grenoble-son-pronostic-vital-engage-3209243.html\" target=\"_blank\" data-tooltip-url=\"https:\/\/france3-regions.franceinfo.fr\/auvergne-rhone-alpes\/isere\/grenoble\/un-boulanger-agresse-au-couteau-pour-un-vol-de-pain-a-grenoble-son-pronostic-vital-engage-3209243.html\" rel=\"noopener nofollow\">Les faits se sont d\u00e9roul\u00e9s lundi aux alentours de 4h30 du matin :<\/a> alors que la boulangerie \u00e9tait ferm\u00e9e, trois employ\u00e9s \u00e9taient pr\u00e9sents pour pr\u00e9parer le pain pour la journ\u00e9e. La victime a refus\u00e9 d&rsquo;en donner \u00e0 trois personnes venues lui en r\u00e9clamer \u00e0 l&rsquo;arri\u00e8re de la boutique.<\/p>\n<p>Malgr\u00e9 ce refus, ces trois individus se sont procur\u00e9 des miches de pain, avant de s\u2019enfuir. Le boulanger s&rsquo;est alors empar\u00e9 de sa pelle \u00e0 pain pour sortir de la boutique et \u00ab\u00a0essayer de les dissuader de voler\u00a0\u00bb, a indiqu\u00e9 lundi le parquet de Grenoble.<\/p>\n<p><a data-article-figure=\"\" href=\"https:\/\/france3-regions.franceinfo.fr\/image\/ySx0SJ-noCEaUSJYqbideYTnAAs\/1920x1080\/regions\/2025\/09\/01\/148-6827-00-00-02-00-68b5745c85c76254065675.jpg\" data-pswp-width=\"1920\" data-pswp-height=\"1080\" target=\"_blank\" rel=\"nofollow noopener\"><\/p>\n<p>          <img width=\"600\" height=\"400\" class=\"article-image lazy\" data-src=\"https:\/\/www.europesays.com\/fr\/wp-content\/uploads\/2025\/09\/148-6827-00-00-02-00-68b5745c85c76254065675.jpg\" alt=\"Selon la police de Grenoble, le pronostic vital du boulanger de 24 ans \u00e9tait engag\u00e9 au moment de sa prise en charge par les secours.\" fetchpriority=\"high\" as=\"image\"\/><\/p>\n<p>\n            Selon la police de Grenoble, le pronostic vital du boulanger de 24 ans \u00e9tait engag\u00e9 au moment de sa prise en charge par les secours.<br \/>\n                           \u2022<br \/>\n                                      \u00a9 France TV\n                      <\/p>\n<p><\/a><\/p>\n<p>\u00c0 l&rsquo;ext\u00e9rieur de la boutique, le jeune homme a alors \u00e9t\u00e9 \u00ab\u00a0ceintur\u00e9\u00a0\u00bb et \u00ab\u00a0frapp\u00e9\u00a0\u00bb avec une arme blanche par ses assaillants qui ont ensuite pris la fuite avec le pain. Bless\u00e9 au thorax et au ventre, le boulanger a \u00e9t\u00e9 hospitalis\u00e9 avec son pronostic vital un temps engag\u00e9. Il est, depuis, sorti de l&rsquo;h\u00f4pital.<\/p>\n","protected":false},"excerpt":{"rendered":"Deux hommes majeurs ont \u00e9t\u00e9 arr\u00eat\u00e9s ce mercredi 3 septembre en fin de journ\u00e9e \u00e0 Grenoble dans le&hellip;\n","protected":false},"author":2,"featured_media":365798,"comment_status":"","ping_status":"","sticky":false,"template":"","format":"standard","meta":{"footnotes":""},"categories":[9566],"tags":[1111,11,2430,1777,674,1011,27,2731,12,25],"class_list":{"0":"post-365797","1":"post","2":"type-post","3":"status-publish","4":"format-standard","5":"has-post-thumbnail","7":"category-grenoble","8":"tag-actu","9":"tag-actualites","10":"tag-auvergne-rhone-alpes","11":"tag-eu","12":"tag-europe","13":"tag-fr","14":"tag-france","15":"tag-grenoble","16":"tag-news","17":"tag-republique-francaise"},"share_on_mastodon":{"url":"https:\/\/pubeurope.com\/@fr\/115146341992981125","error":""},"_links":{"self":[{"href":"https:\/\/www.europesays.com\/fr\/wp-json\/wp\/v2\/posts\/365797","targetHints":{"allow":["GET"]}}],"collection":[{"href":"https:\/\/www.europesays.com\/fr\/wp-json\/wp\/v2\/posts"}],"about":[{"href":"https:\/\/www.europesays.com\/fr\/wp-json\/wp\/v2\/types\/post"}],"author":[{"embeddable":true,"href":"https:\/\/www.europesays.com\/fr\/wp-json\/wp\/v2\/users\/2"}],"replies":[{"embeddable":true,"href":"https:\/\/www.europesays.com\/fr\/wp-json\/wp\/v2\/comments?post=365797"}],"version-history":[{"count":0,"href":"https:\/\/www.europesays.com\/fr\/wp-json\/wp\/v2\/posts\/365797\/revisions"}],"wp:featuredmedia":[{"embeddable":true,"href":"https:\/\/www.europesays.com\/fr\/wp-json\/wp\/v2\/media\/365798"}],"wp:attachment":[{"href":"https:\/\/www.europesays.com\/fr\/wp-json\/wp\/v2\/media?parent=365797"}],"wp:term":[{"taxonomy":"category","embeddable":true,"href":"https:\/\/www.europesays.com\/fr\/wp-json\/wp\/v2\/categories?post=365797"},{"taxonomy":"post_tag","embeddable":true,"href":"https:\/\/www.europesays.com\/fr\/wp-json\/wp\/v2\/tags?post=365797"}],"curies":[{"name":"wp","href":"https:\/\/api.w.org\/{rel}","templated":true}]}}