{"id":365799,"date":"2025-09-04T13:48:18","date_gmt":"2025-09-04T13:48:18","guid":{"rendered":"https:\/\/www.europesays.com\/fr\/365799\/"},"modified":"2025-09-04T13:48:18","modified_gmt":"2025-09-04T13:48:18","slug":"la-cellule-a-ete-completement-detruite-un-detenu-gravement-brule-a-la-prison-de-rennes","status":"publish","type":"post","link":"https:\/\/www.europesays.com\/fr\/365799\/","title":{"rendered":"\u00ab\u00a0La cellule a \u00e9t\u00e9 compl\u00e8tement d\u00e9truite\u00a0\u00bb\u00a0: un d\u00e9tenu gravement br\u00fbl\u00e9 \u00e0 la prison de Rennes"},"content":{"rendered":"<p>Vers 23 h dans la nuit de mercredi 3 \u00e0 jeudi 4 septembre, les pompiers sont intervenus sur un incendie <a href=\"https:\/\/www.letelegramme.fr\/ille-et-vilaine\/rennes-35000\/faut-il-que-les-surveillants-deviennent-psychiatres-a-la-prison-de-rennes-vezin-le-ras-le-bol-des-agents-apres-une-agression-6861862.php\" target=\"_blank\" rel=\"nofollow noopener\">\u00e0 la prison de Rennes-Vezin<\/a>. Quelques minutes plut\u00f4t, un incendie en grande partie \u00e9teint par le personnel p\u00e9nitentiaire s\u2019\u00e9tait d\u00e9clench\u00e9 dans une cellule du premier \u00e9tage de la maison d\u2019arr\u00eat. Un d\u00e9tenu, \u00e2g\u00e9 de 21 ans, avait mis le feu \u00e0 son matelas et \u00e0 son frigo. Une vingtaine de pompiers, avec l\u2019appui du SAMU, ont \u00e9t\u00e9 d\u00e9p\u00each\u00e9s sur place.<\/p>\n<p>Grandement br\u00fbl\u00e9<\/p>\n<p>\u00ab Son corps a \u00e9t\u00e9 br\u00fbl\u00e9 \u00e0 80 % et sa cellule compl\u00e8tement d\u00e9truite \u00bb, pr\u00e9cise le syndicat FO. Le d\u00e9tenu a lui \u00e9t\u00e9 transport\u00e9 dans un premier temps au centre hospitalier de Pontchaillou dans un \u00e9tat d\u2019urgence absolue, puis au service des grands br\u00fbl\u00e9s \u00e0 Nantes. \ufeff<\/p>\n<p>\u00ab Ce d\u00e9tenu est bien connu de notre \u00e9tablissement pour avoir agress\u00e9 un coll\u00e8gue au quartier arrivant et avoir tent\u00e9 de mettre le feu dans sa cellule du Quartier Disciplinaire (QD) le 24 juillet dernier. Il a r\u00e9cidiv\u00e9 ce 3 septembre, explique le syndicat FO dans un communiqu\u00e9. Nos coll\u00e8gues ont r\u00e9ussi \u00e0 \u00e9teindre l\u2019incendie tout en maitrisant le d\u00e9tenu qui s\u2019\u00e9tait jet\u00e9 sur eux lors de l\u2019intervention. Heureusement, aucun de nos coll\u00e8gues n\u2019a \u00e9t\u00e9 bless\u00e9 ou intoxiqu\u00e9 lors de cette intervention. Cet incident met une nouvelle fois en lumi\u00e8re l\u2019extr\u00eame difficult\u00e9 \u2014 et l\u2019absurdit\u00e9 \u2014 de la gestion des d\u00e9tenus pr\u00e9sentant des troubles psychiatriques en d\u00e9tention classique. Malgr\u00e9 ses ant\u00e9c\u00e9dents r\u00e9cents, ce d\u00e9tenu n\u2019\u00e9tait toujours pas pris en charge de mani\u00e8re adapt\u00e9e. Le SMPR (service m\u00e9dico-psychologique r\u00e9gional) ne peut plus se d\u00e9rober \u00e0 ses responsabilit\u00e9s. Leur mission est d\u2019assurer la prise en charge des d\u00e9tenus souffrant de pathologies psychiatriques.\u00bb <\/p>\n","protected":false},"excerpt":{"rendered":"Vers 23 h dans la nuit de mercredi 3 \u00e0 jeudi 4 septembre, les pompiers sont intervenus sur&hellip;\n","protected":false},"author":2,"featured_media":365800,"comment_status":"","ping_status":"","sticky":false,"template":"","format":"standard","meta":{"footnotes":""},"categories":[2821],"tags":[1111,11,829,1777,674,3383,1011,27,848,12,584,25],"class_list":{"0":"post-365799","1":"post","2":"type-post","3":"status-publish","4":"format-standard","5":"has-post-thumbnail","7":"category-rennes","8":"tag-actu","9":"tag-actualites","10":"tag-bretagne","11":"tag-eu","12":"tag-europe","13":"tag-faits-divers-a-rennes","14":"tag-fr","15":"tag-france","16":"tag-ille-et-vilaine","17":"tag-news","18":"tag-rennes","19":"tag-republique-francaise"},"share_on_mastodon":{"url":"https:\/\/pubeurope.com\/@fr\/115146345886048204","error":""},"_links":{"self":[{"href":"https:\/\/www.europesays.com\/fr\/wp-json\/wp\/v2\/posts\/365799","targetHints":{"allow":["GET"]}}],"collection":[{"href":"https:\/\/www.europesays.com\/fr\/wp-json\/wp\/v2\/posts"}],"about":[{"href":"https:\/\/www.europesays.com\/fr\/wp-json\/wp\/v2\/types\/post"}],"author":[{"embeddable":true,"href":"https:\/\/www.europesays.com\/fr\/wp-json\/wp\/v2\/users\/2"}],"replies":[{"embeddable":true,"href":"https:\/\/www.europesays.com\/fr\/wp-json\/wp\/v2\/comments?post=365799"}],"version-history":[{"count":0,"href":"https:\/\/www.europesays.com\/fr\/wp-json\/wp\/v2\/posts\/365799\/revisions"}],"wp:featuredmedia":[{"embeddable":true,"href":"https:\/\/www.europesays.com\/fr\/wp-json\/wp\/v2\/media\/365800"}],"wp:attachment":[{"href":"https:\/\/www.europesays.com\/fr\/wp-json\/wp\/v2\/media?parent=365799"}],"wp:term":[{"taxonomy":"category","embeddable":true,"href":"https:\/\/www.europesays.com\/fr\/wp-json\/wp\/v2\/categories?post=365799"},{"taxonomy":"post_tag","embeddable":true,"href":"https:\/\/www.europesays.com\/fr\/wp-json\/wp\/v2\/tags?post=365799"}],"curies":[{"name":"wp","href":"https:\/\/api.w.org\/{rel}","templated":true}]}}