{"id":36580,"date":"2025-04-19T13:22:41","date_gmt":"2025-04-19T13:22:41","guid":{"rendered":"https:\/\/www.europesays.com\/fr\/36580\/"},"modified":"2025-04-19T13:22:41","modified_gmt":"2025-04-19T13:22:41","slug":"une-passerelle-xxl-reliera-2-quartiers-de-strasbourg-des-2026","status":"publish","type":"post","link":"https:\/\/www.europesays.com\/fr\/36580\/","title":{"rendered":"une passerelle XXL reliera 2 quartiers de Strasbourg d\u00e8s 2026"},"content":{"rendered":"<p>    <img loading=\"lazy\" width=\"1800\" height=\"900\" src=\"https:\/\/www.europesays.com\/fr\/wp-content\/uploads\/2025\/04\/jeanne-callthepolice.jpg\" class=\"attachment-full size-full\" alt=\"\" id=\"imageLove\" decoding=\"async\"  \/><\/p>\n<p id=\"breadcrumbs\"><a href=\"https:\/\/pokaa.fr\/\" target=\"_blank\" rel=\"noopener\">Accueil<\/a> \/ <a href=\"https:\/\/pokaa.fr\/categories\/actu\/\" target=\"_blank\" rel=\"noopener\">Info locale<\/a> \/ Des Deux-Rives \u00e0 l\u2019Esplanade : une passerelle XXL reliera 2 quartiers de Strasbourg d\u00e8s 2026<\/p>\n<p>                    Info locale<\/p>\n<p class=\"p1\"><b>\u00c0 la fin de l\u2019ann\u00e9e 2026, une grande passerelle de 173 m\u00e8tres de long viendra relier le quartier Citadelle au quai des Belges. Un ouvrage impressionnant qui permettra de raccorder les Deux-Rives au quartier de l\u2019Esplanade par le bassin Dusuzeau, et qui va radicalement changer le paysage du secteur.<\/b><\/p>\n<p>En ce moment, la Ville et l\u2019Eurom\u00e9tropole de Strasbourg ont la passerelle heureuse. Quelques jours apr\u00e8s la pr\u00e9sentation d\u2019une liaison pi\u00e9tonne, cyclable et PMR pour relier Koenigshoffen au Hohberg \u00e0 l\u2019horizon 2028, <b>les collectivit\u00e9s pr\u00e9sentaient un projet encore plus ambitieux : la passerelle Citadelle<\/b>.<\/p>\n<p>                <a href=\"https:\/\/pokaa.fr\/2025\/04\/11\/pour-les-pietons-et-velos-une-passerelle-reliera-deux-quartiers-strasbourgeois-en-2028\/\" target=\"_blank\" rel=\"noopener\"><br \/>\n                    <img width=\"450\" height=\"270\" src=\"https:\/\/www.europesays.com\/fr\/wp-content\/uploads\/2025\/04\/z-450x270.png\" class=\"attachment-card-horizontal--same-subject size-card-horizontal--same-subject wp-post-image\" alt=\"\" decoding=\"async\" loading=\"lazy\"\/>                <\/a><\/p>\n<p>Pour la d\u00e9crire, <strong>Alain Jund, vice-pr\u00e9sident de l\u2019Eurom\u00e9tropole de Strasbourg en charge des transports, ne manque pas d\u2019enthousiasme<\/strong> : \u00ab\u00a0On est l\u00e0 sur une infrastructure, sur un ouvrage d\u2019art assez exceptionnel.\u00a0\u00bb<\/p>\n<p><b>Pr\u00e9vue pour la fin d\u2019ann\u00e9e 2026<\/b>, elle permettra aux Strasbourgeois(es) de traverser le bassin Dusuzeau pour relier la digue de la rue de Nantes sur la presqu\u2019\u00eele Citadelle depuis le quai des Belges, et inversement.<\/p>\n<p>                <img width=\"794\" height=\"500\" src=\"https:\/\/www.europesays.com\/fr\/wp-content\/uploads\/2025\/04\/img-8535-grande-794x500.jpeg\" class=\"attachment-gallery size-gallery\" alt=\"deux rives\" data-full-url=\"https:\/\/pokaa.fr\/wp-content\/uploads\/2025\/03\/27\/img-8535-grande.jpeg\" decoding=\"async\" loading=\"lazy\"  \/>            <\/p>\n<p>                <img width=\"889\" height=\"500\" src=\"https:\/\/www.europesays.com\/fr\/wp-content\/uploads\/2025\/04\/passerellle-dusuzeau-vue-depuis-quai-des-belges-bd-889x500.jpg\" class=\"attachment-gallery size-gallery\" alt=\"Passerelle Dusuzeau citadelle deux rives esplanade\" data-full-url=\"https:\/\/pokaa.fr\/wp-content\/uploads\/2025\/04\/15\/passerellle-dusuzeau-vue-depuis-quai-des-belges-bd.jpg\" decoding=\"async\" loading=\"lazy\"  \/>            <\/p>\n<p>                    Pr\u00e9sent\/futur. 1. \u00a9 MJ \/ Pokaa ; 2. \u00a9 Strates-Oa-Architecte \/ Document remis<\/p>\n<p>Une liaison pour permettre de d\u00e9senclaver les Deux-Rives<\/p>\n<p class=\"p1\">On en parle souvent : alors que le secteur des Deux-Rives est vant\u00e9 tel le <strong>\u00ab Strasbourg du futur \u00bb<\/strong>, le quartier concentre encore quelques d\u00e9fauts. Parmi eux : une accessibilit\u00e9 plus que moyenne.<\/p>\n<p class=\"p1\">Si une nouvelle piste cyclable fait son apparition sur le pont d\u2019Anvers,<b> cette passerelle reliera non seulement le quartier aux quais, mais elle assurera plus globalement une <\/b><b>connexion qui n\u2019existait pas jusqu\u2019\u00e0 pr\u00e9sent entre Esplanade, le centre-ville et le Port du Rhin<\/b>.<\/p>\n<blockquote><p>\n        Cela fait 25 ans au moins que ce projet de passerelle est inscrit sur un certain nombre de cartes ; on a franchi le cap pour le concr\u00e9tiser et le financer.    <\/p><\/blockquote>\n<p>            Alain Jund, vice-pr\u00e9sident de l&rsquo;Eurom\u00e9tropole de Strasbourg en charge des transports<\/p>\n<p class=\"p1\">Exclusivement d\u00e9di\u00e9e aux mobilit\u00e9s douces (pi\u00e9tons, v\u00e9los, poussettes et trottinettes), <b>la future passerelle fera 173 m\u00e8tres de long et six m\u00e8tres de large, tout en permettant encore aux bateaux de passer en dessous<\/b>. Surtout, elle permettra ainsi de d\u00e9senclaver le quartier Citadelle, et les Deux-Rives en g\u00e9n\u00e9ral. Une bonne nouvelle pour un quartier qui devra accueillir plus de 900 logements et environ 1 900 habitant(e)s.<\/p>\n<p class=\"p1\"><b>Les travaux d\u00e9marreront \u00e0 la fin de l\u2019ann\u00e9e 2025, pour s\u2019achever un an plus tard si tout va bien<\/b>. Un d\u00e9lai expliqu\u00e9 par Alain Jund : \u00ab Les travaux seront relativement longs, parce que 173 m\u00e8tres, ce n\u2019est pas un ouvrage d\u2019art anodin. \u00bb Le tout, pour un budget assez cons\u00e9quent de 11,5 millions d\u2019euros.<\/p>\n<p>                <img width=\"834\" height=\"500\" src=\"https:\/\/www.europesays.com\/fr\/wp-content\/uploads\/2025\/04\/passerellle-dusuzeau-vue-depuis-lentree-du-parc-bd-834x500.jpg\" class=\"attachment-gallery size-gallery\" alt=\"Passerelle Dusuzeau citadelle deux rives esplanade\" data-full-url=\"https:\/\/pokaa.fr\/wp-content\/uploads\/2025\/04\/15\/passerellle-dusuzeau-vue-depuis-lentree-du-parc-bd.jpg\" decoding=\"async\" loading=\"lazy\"  \/>            <\/p>\n<p>                <img width=\"865\" height=\"500\" src=\"https:\/\/www.europesays.com\/fr\/wp-content\/uploads\/2025\/04\/vue-de-la-passerelle-de-la-citadelle-depuis-la-digue-de-nantes-credits-image-strates-oa-architecte-8.jpeg\" class=\"attachment-gallery size-gallery\" alt=\"Passerelle Dusuzeau citadelle deux rives esplanade\" data-full-url=\"https:\/\/pokaa.fr\/wp-content\/uploads\/2025\/04\/15\/vue-de-la-passerelle-de-la-citadelle-depuis-la-digue-de-nantes-credits-image-strates-oa-architecte.jpg\" decoding=\"async\" loading=\"lazy\"  \/>            <\/p>\n<p>                    \u00a9 Strates-Oa-Architecte \/ Document remis<\/p>\n<p>Profiter du paysage<\/p>\n<p class=\"p1\">Au-del\u00e0 de la liaison, cette passerelle Citadelle se veut \u00e9galement \u00eatre un ouvrage d\u2019art \u00e0 part enti\u00e8re, qui va changer le paysage du secteur. Selon Alain Jund : <strong>\u00ab\u00a0\u00c7a va \u00eatre une nouvelle inscription d\u2019une grande et belle passerelle dans le paysage urbain de Strasbourg et de son pass\u00e9 portuaire.\u00a0\u00bb<\/strong><\/p>\n<p class=\"p1\">Une fa\u00e7on \u00e9galement d\u2019honorer l\u2019histoire strasbourgeoise, <b>puisqu\u2019un pont a un jour exist\u00e9 \u00e0 ce m\u00eame endroit<\/b>. Du nom de Tarade, il avait \u00e9t\u00e9 inaugur\u00e9 en 1936, avant d\u2019\u00eatre d\u00e9truit par l\u2019arm\u00e9e fran\u00e7aise en juin 1940 dans un objectif de ralentir la progression de l\u2019arm\u00e9e allemande.<\/p>\n<blockquote><p>\n        On s\u2019y balade, on s\u2019y arr\u00eate, et on profite du paysage.    <\/p><\/blockquote>\n<p>            Alain Jund, vice-pr\u00e9sident de l&rsquo;Eurom\u00e9tropole de Strasbourg en charge des transports<\/p>\n<p>    <img width=\"800\" height=\"503\" src=\"https:\/\/www.europesays.com\/fr\/wp-content\/uploads\/2025\/04\/passerellle-dusuzeau-vue-interne-depuis-belvedere-bd-800x503.jpg\" class=\"attachment-image-size-L size-image-size-L\" alt=\"Passerelle Dusuzeau citadelle deux rives esplanade\" decoding=\"async\" loading=\"lazy\"  \/>         \u00a9 Strates-Oa-Architecte \/ Document remis <\/p>\n<p>Surtout, parmi les trois projets finalistes, celui qui a \u00e9t\u00e9 retenu est celui qui a valoris\u00e9 le plus la pr\u00e9sence de points d\u2019observation du paysage. En bref : <b>la future passerelle sera un lieu o\u00f9 il fera bon fl\u00e2ner et d\u00e9ambuler, avec des bancs situ\u00e9s au milieu afin de regarder le paysage aux alentours<\/b>. Le quartier Citadelle a h\u00e2te.<\/p>\n<p>    <img width=\"800\" height=\"383\" src=\"https:\/\/www.europesays.com\/fr\/wp-content\/uploads\/2025\/04\/passerellle-dusuzeau-vue-generale-depuis-pont-existant-bd-800x383.jpg\" class=\"attachment-image-size-L size-image-size-L\" alt=\"Passerelle Dusuzeau citadelle deux rives esplanade\" decoding=\"async\" loading=\"lazy\"  \/>         \u00a9 Strates-Oa-Architecte \/ Document remis <\/p>\n","protected":false},"excerpt":{"rendered":"Accueil \/ Info locale \/ Des Deux-Rives \u00e0 l\u2019Esplanade : une passerelle XXL reliera 2 quartiers de Strasbourg&hellip;\n","protected":false},"author":2,"featured_media":36581,"comment_status":"","ping_status":"","sticky":false,"template":"","format":"standard","meta":{"footnotes":""},"categories":[2820],"tags":[1111,11,4556,4557,1777,674,1011,27,775,12,25,640,208],"class_list":{"0":"post-36580","1":"post","2":"type-post","3":"status-publish","4":"format-standard","5":"has-post-thumbnail","7":"category-strasbourg","8":"tag-actu","9":"tag-actualites","10":"tag-citadelle","11":"tag-deux-rives","12":"tag-eu","13":"tag-europe","14":"tag-fr","15":"tag-france","16":"tag-grand-est","17":"tag-news","18":"tag-republique-francaise","19":"tag-strasbourg","20":"tag-velo"},"share_on_mastodon":{"url":"https:\/\/pubeurope.com\/@fr\/114364845103992969","error":""},"_links":{"self":[{"href":"https:\/\/www.europesays.com\/fr\/wp-json\/wp\/v2\/posts\/36580","targetHints":{"allow":["GET"]}}],"collection":[{"href":"https:\/\/www.europesays.com\/fr\/wp-json\/wp\/v2\/posts"}],"about":[{"href":"https:\/\/www.europesays.com\/fr\/wp-json\/wp\/v2\/types\/post"}],"author":[{"embeddable":true,"href":"https:\/\/www.europesays.com\/fr\/wp-json\/wp\/v2\/users\/2"}],"replies":[{"embeddable":true,"href":"https:\/\/www.europesays.com\/fr\/wp-json\/wp\/v2\/comments?post=36580"}],"version-history":[{"count":0,"href":"https:\/\/www.europesays.com\/fr\/wp-json\/wp\/v2\/posts\/36580\/revisions"}],"wp:featuredmedia":[{"embeddable":true,"href":"https:\/\/www.europesays.com\/fr\/wp-json\/wp\/v2\/media\/36581"}],"wp:attachment":[{"href":"https:\/\/www.europesays.com\/fr\/wp-json\/wp\/v2\/media?parent=36580"}],"wp:term":[{"taxonomy":"category","embeddable":true,"href":"https:\/\/www.europesays.com\/fr\/wp-json\/wp\/v2\/categories?post=36580"},{"taxonomy":"post_tag","embeddable":true,"href":"https:\/\/www.europesays.com\/fr\/wp-json\/wp\/v2\/tags?post=36580"}],"curies":[{"name":"wp","href":"https:\/\/api.w.org\/{rel}","templated":true}]}}